{"id":10476,"date":"2020-05-30T01:52:08","date_gmt":"2020-05-30T06:52:08","guid":{"rendered":"http:\/\/ugelchucuito.edu.pe\/portal\/?p=10476"},"modified":"2020-05-30T01:52:08","modified_gmt":"2020-05-30T06:52:08","slug":"director-de-la-ugel-chucuito-juli-junto-al-director-regional-de-educacion-y-alcaldes-de-la-provincia-de-chucuito-se-reunieron-para-analizar-y-plantear-propuestas-para-la-mejora-de-la-educacion-virtu","status":"publish","type":"post","link":"https:\/\/ugelchucuito.edu.pe\/portal\/2020\/05\/30\/director-de-la-ugel-chucuito-juli-junto-al-director-regional-de-educacion-y-alcaldes-de-la-provincia-de-chucuito-se-reunieron-para-analizar-y-plantear-propuestas-para-la-mejora-de-la-educacion-virtu\/","title":{"rendered":"DIRECTOR DE LA UGEL CHUCUITO JULI, JUNTO AL DIRECTOR REGIONAL DE EDUCACI\u00d3N Y ALCALDES DE LA PROVINCIA DE CHUCUITO, SE REUNIERON PARA AN\u00c1LIZAR Y PLANTEAR PROPUESTAS PARA LA MEJORA DE LA EDUCACI\u00d3N VIRTUAL APRENDO EN CASA EN EL MARCO DEL COVID 19"},"content":{"rendered":"<p><a href=\"http:\/\/ugelchucuito.edu.pe\/portal\/wp-content\/uploads\/2020\/05\/NOTA-DE-PRENSA-20.pdf\">NOTA DE PRENSA 20<\/a><\/p>\n","protected":false},"excerpt":{"rendered":"<p>NOTA DE PRENSA 20<\/p>\n","protected":false},"author":1,"featured_media":0,"comment_status":"open","ping_status":"open","sticky":false,"template":"","format":"standard","meta":{"footnotes":""},"categories":[],"tags":[],"class_list":["post-10476","post","type-post","status-publish","format-standard","hentry"],"_links":{"self":[{"href":"https:\/\/ugelchucuito.edu.pe\/portal\/wp-json\/wp\/v2\/posts\/10476","targetHints":{"allow":["GET"]}}],"collection":[{"href":"https:\/\/ugelchucuito.edu.pe\/portal\/wp-json\/wp\/v2\/posts"}],"about":[{"href":"https:\/\/ugelchucuito.edu.pe\/portal\/wp-json\/wp\/v2\/types\/post"}],"author":[{"embeddable":true,"href":"https:\/\/ugelchucuito.edu.pe\/portal\/wp-json\/wp\/v2\/users\/1"}],"replies":[{"embeddable":true,"href":"https:\/\/ugelchucuito.edu.pe\/portal\/wp-json\/wp\/v2\/comments?post=10476"}],"version-history":[{"count":1,"href":"https:\/\/ugelchucuito.edu.pe\/portal\/wp-json\/wp\/v2\/posts\/10476\/revisions"}],"predecessor-version":[{"id":10479,"href":"https:\/\/ugelchucuito.edu.pe\/portal\/wp-json\/wp\/v2\/posts\/10476\/revisions\/10479"}],"wp:attachment":[{"href":"https:\/\/ugelchucuito.edu.pe\/portal\/wp-json\/wp\/v2\/media?parent=10476"}],"wp:term":[{"taxonomy":"category","embeddable":true,"href":"https:\/\/ugelchucuito.edu.pe\/portal\/wp-json\/wp\/v2\/categories?post=10476"},{"taxonomy":"post_tag","embeddable":true,"href":"https:\/\/ugelchucuito.edu.pe\/portal\/wp-json\/wp\/v2\/tags?post=10476"}],"curies":[{"name":"wp","href":"https:\/\/api.w.org\/{rel}","templated":true}]}}