{"id":107,"date":"2017-06-05T13:06:41","date_gmt":"2017-06-05T18:06:41","guid":{"rendered":"http:\/\/ugelchucuito.edu.pe\/portal\/?p=107"},"modified":"2017-07-13T14:33:10","modified_gmt":"2017-07-13T19:33:10","slug":"concurso-premio-nacional-de-narrativa-y-ensayo-jose-maria-arguedas-2017","status":"publish","type":"post","link":"https:\/\/ugelchucuito.edu.pe\/portal\/2017\/06\/05\/concurso-premio-nacional-de-narrativa-y-ensayo-jose-maria-arguedas-2017\/","title":{"rendered":"CONCURSO PREMIO NACIONAL DE NARRATIVA Y ENSAYO \u201cJOSE MARIA ARGUEDAS\u201d 2017"},"content":{"rendered":"<div>\n<section>\n<div>\n<div>\n<div>\n<h5><a href=\"http:\/\/www.minedu.gob.pe\/jma\/\" target=\"_blank\" rel=\"noopener\">http:\/\/www.minedu.gob.pe\/jma\/<\/a><\/h5>\n<p><strong>QU\u00c9 ES?<\/strong><\/p>\n<p>El Premio Nacional de Narrativa y Ensayo \u201cJos\u00e9 Mar\u00eda Arguedas\u201d, se instituy\u00f3 con la finalidad de mantener vigente entre los estudiantes el mensaje multicultural del insigne escritor y antrop\u00f3logo Jos\u00e9 Mar\u00eda Arguedas; as\u00ed como estimular la creaci\u00f3n literaria en sus diversas formas de expresi\u00f3n narrativa, tanto las orales como escritas.<\/p>\n<\/div>\n<p>Mediante la Ley N\u00b0 28898, se instituy\u00f3 el Premio Nacional de Narrativa y Ensayo \u201cJos\u00e9 Mar\u00eda Arguedas\u201d.<\/p>\n<div>\u00a0<strong>\u00bfQUI\u00c9NES PARTICIPAN?<\/strong><\/div>\n<\/div>\n<\/div>\n<\/section>\n<\/div>\n<div>\n<section>\n<div>\n<p>Participan los estudiantes del 5.\u00b0 de primaria hasta 5.\u00b0 a\u00f1o de secundaria de las instituciones educativas p\u00fablicas y privadas; as\u00ed como los estudiantes de educaci\u00f3n b\u00e1sica alternativa.<\/p>\n<\/div>\n<\/section>\n<\/div>\n<div class=\"cont-jd-final\"><\/div>\n","protected":false},"excerpt":{"rendered":"<p>http:\/\/www.minedu.gob.pe\/jma\/ QU\u00c9 ES? El Premio Nacional de Narrativa y Ensayo \u201cJos\u00e9 Mar\u00eda Arguedas\u201d, se instituy\u00f3 con la finalidad de mantener vigente entre los estudiantes el mensaje multicultural del insigne escritor y antrop\u00f3logo Jos\u00e9 Mar\u00eda Arguedas; as\u00ed como estimular la creaci\u00f3n literaria en sus diversas formas de expresi\u00f3n narrativa, tanto las orales como escritas. Mediante la [&hellip;]<\/p>\n","protected":false},"author":1,"featured_media":0,"comment_status":"open","ping_status":"open","sticky":false,"template":"","format":"standard","meta":{"footnotes":""},"categories":[],"tags":[],"class_list":["post-107","post","type-post","status-publish","format-standard","hentry"],"_links":{"self":[{"href":"https:\/\/ugelchucuito.edu.pe\/portal\/wp-json\/wp\/v2\/posts\/107","targetHints":{"allow":["GET"]}}],"collection":[{"href":"https:\/\/ugelchucuito.edu.pe\/portal\/wp-json\/wp\/v2\/posts"}],"about":[{"href":"https:\/\/ugelchucuito.edu.pe\/portal\/wp-json\/wp\/v2\/types\/post"}],"author":[{"embeddable":true,"href":"https:\/\/ugelchucuito.edu.pe\/portal\/wp-json\/wp\/v2\/users\/1"}],"replies":[{"embeddable":true,"href":"https:\/\/ugelchucuito.edu.pe\/portal\/wp-json\/wp\/v2\/comments?post=107"}],"version-history":[{"count":2,"href":"https:\/\/ugelchucuito.edu.pe\/portal\/wp-json\/wp\/v2\/posts\/107\/revisions"}],"predecessor-version":[{"id":326,"href":"https:\/\/ugelchucuito.edu.pe\/portal\/wp-json\/wp\/v2\/posts\/107\/revisions\/326"}],"wp:attachment":[{"href":"https:\/\/ugelchucuito.edu.pe\/portal\/wp-json\/wp\/v2\/media?parent=107"}],"wp:term":[{"taxonomy":"category","embeddable":true,"href":"https:\/\/ugelchucuito.edu.pe\/portal\/wp-json\/wp\/v2\/categories?post=107"},{"taxonomy":"post_tag","embeddable":true,"href":"https:\/\/ugelchucuito.edu.pe\/portal\/wp-json\/wp\/v2\/tags?post=107"}],"curies":[{"name":"wp","href":"https:\/\/api.w.org\/{rel}","templated":true}]}}