{"id":10742,"date":"2020-06-23T20:50:42","date_gmt":"2020-06-24T01:50:42","guid":{"rendered":"http:\/\/ugelchucuito.edu.pe\/portal\/?p=10742"},"modified":"2020-06-23T21:21:40","modified_gmt":"2020-06-24T02:21:40","slug":"beca-permanencia","status":"publish","type":"post","link":"https:\/\/ugelchucuito.edu.pe\/portal\/2020\/06\/23\/beca-permanencia\/","title":{"rendered":"Beca Permanencia"},"content":{"rendered":"<div class=\"elementor-element elementor-element-5ca271f elementor-hidden-phone elementor-column elementor-col-50 elementor-top-column\" data-id=\"5ca271f\">\n<div class=\"elementor-column-wrap\">\n<div class=\"elementor-widget-wrap\"><\/div>\n<\/div>\n<\/div>\n<div class=\"elementor-element elementor-element-f7e07e3 elementor-column elementor-col-50 elementor-top-column\" data-id=\"f7e07e3\">\n<div class=\"elementor-column-wrap elementor-element-populated\">\n<div class=\"elementor-widget-wrap\">\n<div class=\"elementor-element elementor-element-8bc890e elementor-widget elementor-widget-heading\" data-id=\"8bc890e\">\n<div class=\"elementor-widget-container\"><\/div>\n<\/div>\n<div class=\"elementor-element elementor-element-63f6c10 elementor-widget elementor-widget-heading\" data-id=\"63f6c10\">\n<div class=\"elementor-widget-container\">\n<div class=\"elementor-element elementor-element-8bc890e elementor-widget elementor-widget-heading\" data-id=\"8bc890e\">\n<div class=\"elementor-widget-container\">\n<h2 class=\"elementor-heading-title elementor-size-default\"><b>\u00a1Convocatoria 2020!<\/b><\/h2>\n<\/div>\n<\/div>\n<div class=\"elementor-element elementor-element-63f6c10 elementor-widget elementor-widget-heading\" data-id=\"63f6c10\">\n<div class=\"elementor-widget-container\">\n<h2 class=\"elementor-heading-title elementor-size-default\"><b>8,000 becas, a\u00fan hay tiempo hasta el 30 de junio<\/b><\/h2>\n<\/div>\n<\/div>\n<\/div>\n<\/div>\n<div class=\"elementor-element elementor-element-dc886da elementor-vertical-align-top elementor-widget elementor-widget-icon-box\" data-id=\"dc886da\">\n<div class=\"elementor-widget-container\">\n<div class=\"elementor-icon-box-wrapper\">\n<div class=\"elementor-icon-box-content\">\n<p class=\"elementor-icon-box-description\">El concurso anual de\u00a0<b>Beca Permanencia<\/b>\u00a0est\u00e1 dirigido a estudiantes de universidades p\u00fablicas, con buen desempe\u00f1o acad\u00e9mico, para que puedan terminar con \u00e9xito sus carreras profesionales.<\/p>\n<\/div>\n<\/div>\n<\/div>\n<\/div>\n<div class=\"elementor-element elementor-element-4e1d0be elementor-align-center elementor-mobile-align-center elementor-widget elementor-widget-button\" data-id=\"4e1d0be\">\n<div class=\"elementor-widget-container\">\n<div class=\"elementor-button-wrapper\"><a class=\"elementor-button-link elementor-button elementor-size-lg\" role=\"button\" href=\"https:\/\/postulaciones.pronabec.gob.pe\/bpermanencia2020\" target=\"_blank\" rel=\"noopener noreferrer\"><span class=\"elementor-button-content-wrapper\"><span class=\"elementor-button-text\">Postulaci\u00f3n aqu\u00ed:<br \/>\nSIBEC<\/span><\/span><\/a><\/div>\n<\/div>\n<\/div>\n<div class=\"elementor-element elementor-element-c874323 elementor-widget elementor-widget-bdt-accordion\" data-id=\"c874323\">\n<div class=\"elementor-widget-container\">\n<div class=\"bdt-accordion-container\">\n<div id=\"bdt-accordion-c874323\" class=\"bdt-accordion\">\n<div class=\"bdt-accordion-item\">\n<div id=\"bdt-accordion-centerbases-y-resoluciones\" class=\"bdt-accordion-title\" data-accordion-index=\"0\"><i class=\"bdt-accordion-icon-closed fa fa-angle-down\"><\/i><a href=\"http:\/\/www.pronabec.gob.pe\/descargas2020\/202005%20-%20Bases%20del%20concurso%20-%20Beca%20Permanencia.pdf\" target=\"_blank\" rel=\"noopener noreferrer\">Bases y resoluciones<\/a><\/div>\n<\/div>\n<\/div>\n<\/div>\n<\/div>\n<\/div>\n<\/div>\n<\/div>\n<\/div>\n","protected":false},"excerpt":{"rendered":"<p>\u00a1Convocatoria 2020! 8,000 becas, a\u00fan hay tiempo hasta el 30 de junio El concurso anual de\u00a0Beca Permanencia\u00a0est\u00e1 dirigido a estudiantes de universidades p\u00fablicas, con buen desempe\u00f1o acad\u00e9mico, para que puedan terminar con \u00e9xito sus carreras profesionales. Postulaci\u00f3n aqu\u00ed: SIBEC Bases y resoluciones<\/p>\n","protected":false},"author":2,"featured_media":0,"comment_status":"open","ping_status":"open","sticky":false,"template":"","format":"standard","meta":{"footnotes":""},"categories":[],"tags":[],"class_list":["post-10742","post","type-post","status-publish","format-standard","hentry"],"_links":{"self":[{"href":"https:\/\/ugelchucuito.edu.pe\/portal\/wp-json\/wp\/v2\/posts\/10742","targetHints":{"allow":["GET"]}}],"collection":[{"href":"https:\/\/ugelchucuito.edu.pe\/portal\/wp-json\/wp\/v2\/posts"}],"about":[{"href":"https:\/\/ugelchucuito.edu.pe\/portal\/wp-json\/wp\/v2\/types\/post"}],"author":[{"embeddable":true,"href":"https:\/\/ugelchucuito.edu.pe\/portal\/wp-json\/wp\/v2\/users\/2"}],"replies":[{"embeddable":true,"href":"https:\/\/ugelchucuito.edu.pe\/portal\/wp-json\/wp\/v2\/comments?post=10742"}],"version-history":[{"count":1,"href":"https:\/\/ugelchucuito.edu.pe\/portal\/wp-json\/wp\/v2\/posts\/10742\/revisions"}],"predecessor-version":[{"id":10744,"href":"https:\/\/ugelchucuito.edu.pe\/portal\/wp-json\/wp\/v2\/posts\/10742\/revisions\/10744"}],"wp:attachment":[{"href":"https:\/\/ugelchucuito.edu.pe\/portal\/wp-json\/wp\/v2\/media?parent=10742"}],"wp:term":[{"taxonomy":"category","embeddable":true,"href":"https:\/\/ugelchucuito.edu.pe\/portal\/wp-json\/wp\/v2\/categories?post=10742"},{"taxonomy":"post_tag","embeddable":true,"href":"https:\/\/ugelchucuito.edu.pe\/portal\/wp-json\/wp\/v2\/tags?post=10742"}],"curies":[{"name":"wp","href":"https:\/\/api.w.org\/{rel}","templated":true}]}}