{"id":10999,"date":"2020-07-10T06:11:50","date_gmt":"2020-07-10T11:11:50","guid":{"rendered":"http:\/\/ugelchucuito.edu.pe\/portal\/?p=10999"},"modified":"2020-07-11T08:21:05","modified_gmt":"2020-07-11T13:21:05","slug":"programa-competencias-digitales-para-todos","status":"publish","type":"post","link":"https:\/\/ugelchucuito.edu.pe\/portal\/2020\/07\/10\/programa-competencias-digitales-para-todos\/","title":{"rendered":"MINEDU \u201cPROGRAMA COMPETENCIAS DIGITALES PARA TODOS\u201d"},"content":{"rendered":"<p style=\"text-align: center\">AVISO<\/p>\n<p>Estimados Directivos recordarles que el \u201cPrograma: Competencias Digitales para Todos\u201d est\u00e1 dirigido a los docentes y estudiantes de 5to grado de secundaria, el cual busca fortalecer las competencias digitales en los docentes y en los estudiantes desarrollar habilidades socioemocionales, para la empleabilidad, acceso a la educaci\u00f3n superior, desarrollar su proyecto de vida y generar mejores ciudadanos digitales. Las II.EE. cuyos estudiantes de 5to de secundaria, completen satisfactoriamente la primera fase del programa, podr\u00e1n acceder a becas para desarrollar sus conocimientos en Redes, Programaci\u00f3n, Ensamblaje y Dise\u00f1o Digital (25,000 becas).<\/p>\n<p>El plazo es hasta este domingo 12 de julio, ingrese a: <a href=\"https:\/\/app.smartsheet.com\/b\/form\/e19bd138a10040e89eac21cf5f71b1da\" target=\"_blank\" rel=\"noopener noreferrer\">https:\/\/app.smartsheet.com\/b\/form\/e19bd138a10040e89eac21cf5f71b1da<\/a><\/p>\n<p><strong><span style=\"color: #0000ff\"><a style=\"color: #0000ff\" href=\"http:\/\/ugelchucuito.edu.pe\/portal\/wp-content\/uploads\/2020\/07\/PUNO-OFICIO_MULTIPLE-00022-2020-MINEDU-VMGP-DIGEBR-DES.pdf\" target=\"_blank\" rel=\"noopener noreferrer\">DESCARGAR: OFICIO M\u00daLTIPLE 00022-2020-MINEDU\/VMGP-DIGEBR-DES<\/a><\/span><\/strong><\/p>\n","protected":false},"excerpt":{"rendered":"<p>AVISO Estimados Directivos recordarles que el \u201cPrograma: Competencias Digitales para Todos\u201d est\u00e1 dirigido a los docentes y estudiantes de 5to grado de secundaria, el cual busca fortalecer las competencias digitales en los docentes y en los estudiantes desarrollar habilidades socioemocionales, para la empleabilidad, acceso a la educaci\u00f3n superior, desarrollar su proyecto de vida y generar [&hellip;]<\/p>\n","protected":false},"author":2,"featured_media":0,"comment_status":"open","ping_status":"open","sticky":false,"template":"","format":"standard","meta":{"footnotes":""},"categories":[],"tags":[],"class_list":["post-10999","post","type-post","status-publish","format-standard","hentry"],"_links":{"self":[{"href":"https:\/\/ugelchucuito.edu.pe\/portal\/wp-json\/wp\/v2\/posts\/10999","targetHints":{"allow":["GET"]}}],"collection":[{"href":"https:\/\/ugelchucuito.edu.pe\/portal\/wp-json\/wp\/v2\/posts"}],"about":[{"href":"https:\/\/ugelchucuito.edu.pe\/portal\/wp-json\/wp\/v2\/types\/post"}],"author":[{"embeddable":true,"href":"https:\/\/ugelchucuito.edu.pe\/portal\/wp-json\/wp\/v2\/users\/2"}],"replies":[{"embeddable":true,"href":"https:\/\/ugelchucuito.edu.pe\/portal\/wp-json\/wp\/v2\/comments?post=10999"}],"version-history":[{"count":4,"href":"https:\/\/ugelchucuito.edu.pe\/portal\/wp-json\/wp\/v2\/posts\/10999\/revisions"}],"predecessor-version":[{"id":11004,"href":"https:\/\/ugelchucuito.edu.pe\/portal\/wp-json\/wp\/v2\/posts\/10999\/revisions\/11004"}],"wp:attachment":[{"href":"https:\/\/ugelchucuito.edu.pe\/portal\/wp-json\/wp\/v2\/media?parent=10999"}],"wp:term":[{"taxonomy":"category","embeddable":true,"href":"https:\/\/ugelchucuito.edu.pe\/portal\/wp-json\/wp\/v2\/categories?post=10999"},{"taxonomy":"post_tag","embeddable":true,"href":"https:\/\/ugelchucuito.edu.pe\/portal\/wp-json\/wp\/v2\/tags?post=10999"}],"curies":[{"name":"wp","href":"https:\/\/api.w.org\/{rel}","templated":true}]}}