{"id":11117,"date":"2020-08-10T12:21:11","date_gmt":"2020-08-10T17:21:11","guid":{"rendered":"http:\/\/ugelchucuito.edu.pe\/portal\/?p=11117"},"modified":"2020-09-10T12:29:49","modified_gmt":"2020-09-10T17:29:49","slug":"recomendaciones-para-comunicar-y-contribuir-a-reducir-practicas-que-sustentan-la-violencia-y-discriminacion","status":"publish","type":"post","link":"https:\/\/ugelchucuito.edu.pe\/portal\/2020\/08\/10\/recomendaciones-para-comunicar-y-contribuir-a-reducir-practicas-que-sustentan-la-violencia-y-discriminacion\/","title":{"rendered":"RECOMENDACIONES PARA COMUNICAR Y CONTRIBUIR A REDUCIR PR\u00c1CTICAS QUE SUSTENTAN LA VIOLENCIA Y DISCRIMINACI\u00d3N"},"content":{"rendered":"<p><span style=\"font-size: 20px;color: #0000ff\"><strong>\u00a1Los Medios de Comunicaci\u00f3n tienen un rol clave para formar un pa\u00eds Igualitario y Libre de Violencia! Sigue estas recomendaciones para comunicar y contribuir a reducir pr\u00e1cticas que sustentan la violencia y discriminaci\u00f3n.<\/strong><\/span><br \/>\n<span style=\"font-size: 20px;color: #0000ff\"><strong>Programa Nacional &#8211; AURORA<\/strong><\/span><br \/>\n<span style=\"font-size: 20px;color: #0000ff\"><strong>CENTRO EMERGENCIA MUJER CHUCUITO-JULI.<\/strong><\/span><br \/>\n<span style=\"font-size: 20px;color: #0000ff\"><strong>Si conoces un hecho de violencia: llama a la LINEA 100, celular N\u00b0 994800968.<\/strong><\/span><\/p>\n<div id='gallery-1' class='gallery galleryid-11117 gallery-columns-2 gallery-size-full'><figure class='gallery-item'>\n\t\t\t<div class='gallery-icon '>\n\t\t\t\t<a href='https:\/\/ugelchucuito.edu.pe\/portal\/2020\/08\/10\/recomendaciones-para-comunicar-y-contribuir-a-reducir-practicas-que-sustentan-la-violencia-y-discriminacion\/whatsapp-image-2020-08-10-at-11-06-05-am\/'>WhatsApp Image 2020-08-10 at 11.06.05 AM<\/a>\n\t\t\t<\/div><\/figure><figure class='gallery-item'>\n\t\t\t<div class='gallery-icon '>\n\t\t\t\t<a href='https:\/\/ugelchucuito.edu.pe\/portal\/2020\/08\/10\/recomendaciones-para-comunicar-y-contribuir-a-reducir-practicas-que-sustentan-la-violencia-y-discriminacion\/whatsapp-image-2020-08-10-at-11-06-06-am\/'>WhatsApp Image 2020-08-10 at 11.06.06 AM<\/a>\n\t\t\t<\/div><\/figure><figure class='gallery-item'>\n\t\t\t<div class='gallery-icon '>\n\t\t\t\t<a href='https:\/\/ugelchucuito.edu.pe\/portal\/2020\/08\/10\/recomendaciones-para-comunicar-y-contribuir-a-reducir-practicas-que-sustentan-la-violencia-y-discriminacion\/whatsapp-image-2020-08-10-at-11-06-06-am-1\/'>WhatsApp Image 2020-08-10 at 11.06.06 AM (1)<\/a>\n\t\t\t<\/div><\/figure><figure class='gallery-item'>\n\t\t\t<div class='gallery-icon '>\n\t\t\t\t<a href='https:\/\/ugelchucuito.edu.pe\/portal\/2020\/08\/10\/recomendaciones-para-comunicar-y-contribuir-a-reducir-practicas-que-sustentan-la-violencia-y-discriminacion\/whatsapp-image-2020-08-10-at-11-06-06-am-2\/'>WhatsApp Image 2020-08-10 at 11.06.06 AM (2)<\/a>\n\t\t\t<\/div><\/figure><figure class='gallery-item'>\n\t\t\t<div class='gallery-icon '>\n\t\t\t\t<a href='https:\/\/ugelchucuito.edu.pe\/portal\/2020\/08\/10\/recomendaciones-para-comunicar-y-contribuir-a-reducir-practicas-que-sustentan-la-violencia-y-discriminacion\/whatsapp-image-2020-08-10-at-11-06-06-am-3\/'>WhatsApp Image 2020-08-10 at 11.06.06 AM (3)<\/a>\n\t\t\t<\/div><\/figure><figure class='gallery-item'>\n\t\t\t<div class='gallery-icon '>\n\t\t\t\t<a href='https:\/\/ugelchucuito.edu.pe\/portal\/2020\/08\/10\/recomendaciones-para-comunicar-y-contribuir-a-reducir-practicas-que-sustentan-la-violencia-y-discriminacion\/whatsapp-image-2020-08-10-at-11-06-07-am\/'>WhatsApp Image 2020-08-10 at 11.06.07 AM<\/a>\n\t\t\t<\/div><\/figure><figure class='gallery-item'>\n\t\t\t<div class='gallery-icon '>\n\t\t\t\t<a href='https:\/\/ugelchucuito.edu.pe\/portal\/2020\/08\/10\/recomendaciones-para-comunicar-y-contribuir-a-reducir-practicas-que-sustentan-la-violencia-y-discriminacion\/whatsapp-image-2020-08-10-at-11-06-07-am-1\/'>WhatsApp Image 2020-08-10 at 11.06.07 AM (1)<\/a>\n\t\t\t<\/div><\/figure><figure class='gallery-item'>\n\t\t\t<div class='gallery-icon '>\n\t\t\t\t<a href='https:\/\/ugelchucuito.edu.pe\/portal\/2020\/08\/10\/recomendaciones-para-comunicar-y-contribuir-a-reducir-practicas-que-sustentan-la-violencia-y-discriminacion\/whatsapp-image-2020-08-10-at-11-06-07-am-2\/'>WhatsApp Image 2020-08-10 at 11.06.07 AM (2)<\/a>\n\t\t\t<\/div><\/figure><figure class='gallery-item'>\n\t\t\t<div class='gallery-icon '>\n\t\t\t\t<a href='https:\/\/ugelchucuito.edu.pe\/portal\/2020\/08\/10\/recomendaciones-para-comunicar-y-contribuir-a-reducir-practicas-que-sustentan-la-violencia-y-discriminacion\/whatsapp-image-2020-08-10-at-11-06-07-am-3\/'>WhatsApp Image 2020-08-10 at 11.06.07 AM (3)<\/a>\n\t\t\t<\/div><\/figure><figure class='gallery-item'>\n\t\t\t<div class='gallery-icon '>\n\t\t\t\t<a href='https:\/\/ugelchucuito.edu.pe\/portal\/2020\/08\/10\/recomendaciones-para-comunicar-y-contribuir-a-reducir-practicas-que-sustentan-la-violencia-y-discriminacion\/whatsapp-image-2020-08-10-at-11-06-08-am\/'>WhatsApp Image 2020-08-10 at 11.06.08 AM<\/a>\n\t\t\t<\/div><\/figure><figure class='gallery-item'>\n\t\t\t<div class='gallery-icon '>\n\t\t\t\t<a href='https:\/\/ugelchucuito.edu.pe\/portal\/2020\/08\/10\/recomendaciones-para-comunicar-y-contribuir-a-reducir-practicas-que-sustentan-la-violencia-y-discriminacion\/whatsapp-image-2020-08-10-at-11-06-08-am-1\/'>WhatsApp Image 2020-08-10 at 11.06.08 AM (1)<\/a>\n\t\t\t<\/div><\/figure><figure class='gallery-item'>\n\t\t\t<div class='gallery-icon '>\n\t\t\t\t<a href='https:\/\/ugelchucuito.edu.pe\/portal\/2020\/08\/10\/recomendaciones-para-comunicar-y-contribuir-a-reducir-practicas-que-sustentan-la-violencia-y-discriminacion\/whatsapp-image-2020-08-10-at-11-06-08-am-2\/'>WhatsApp Image 2020-08-10 at 11.06.08 AM (2)<\/a>\n\t\t\t<\/div><\/figure>\n\t\t<\/div>\n\n","protected":false},"excerpt":{"rendered":"<p>\u00a1Los Medios de Comunicaci\u00f3n tienen un rol clave para formar un pa\u00eds Igualitario y Libre de Violencia! Sigue estas recomendaciones para comunicar y contribuir a reducir pr\u00e1cticas que sustentan la violencia y discriminaci\u00f3n. Programa Nacional &#8211; AURORA CENTRO EMERGENCIA MUJER CHUCUITO-JULI. Si conoces un hecho de violencia: llama a la LINEA 100, celular N\u00b0 994800968.<\/p>\n","protected":false},"author":3,"featured_media":0,"comment_status":"open","ping_status":"open","sticky":false,"template":"","format":"standard","meta":{"footnotes":""},"categories":[],"tags":[],"class_list":["post-11117","post","type-post","status-publish","format-standard","hentry"],"_links":{"self":[{"href":"https:\/\/ugelchucuito.edu.pe\/portal\/wp-json\/wp\/v2\/posts\/11117","targetHints":{"allow":["GET"]}}],"collection":[{"href":"https:\/\/ugelchucuito.edu.pe\/portal\/wp-json\/wp\/v2\/posts"}],"about":[{"href":"https:\/\/ugelchucuito.edu.pe\/portal\/wp-json\/wp\/v2\/types\/post"}],"author":[{"embeddable":true,"href":"https:\/\/ugelchucuito.edu.pe\/portal\/wp-json\/wp\/v2\/users\/3"}],"replies":[{"embeddable":true,"href":"https:\/\/ugelchucuito.edu.pe\/portal\/wp-json\/wp\/v2\/comments?post=11117"}],"version-history":[{"count":4,"href":"https:\/\/ugelchucuito.edu.pe\/portal\/wp-json\/wp\/v2\/posts\/11117\/revisions"}],"predecessor-version":[{"id":11139,"href":"https:\/\/ugelchucuito.edu.pe\/portal\/wp-json\/wp\/v2\/posts\/11117\/revisions\/11139"}],"wp:attachment":[{"href":"https:\/\/ugelchucuito.edu.pe\/portal\/wp-json\/wp\/v2\/media?parent=11117"}],"wp:term":[{"taxonomy":"category","embeddable":true,"href":"https:\/\/ugelchucuito.edu.pe\/portal\/wp-json\/wp\/v2\/categories?post=11117"},{"taxonomy":"post_tag","embeddable":true,"href":"https:\/\/ugelchucuito.edu.pe\/portal\/wp-json\/wp\/v2\/tags?post=11117"}],"curies":[{"name":"wp","href":"https:\/\/api.w.org\/{rel}","templated":true}]}}