{"id":11201,"date":"2020-08-20T23:07:22","date_gmt":"2020-08-21T04:07:22","guid":{"rendered":"http:\/\/ugelchucuito.edu.pe\/portal\/?p=11201"},"modified":"2020-08-23T23:27:23","modified_gmt":"2020-08-24T04:27:23","slug":"censo-educativo-2020-capacitacion-virtual-25-y-26-de-agosto","status":"publish","type":"post","link":"https:\/\/ugelchucuito.edu.pe\/portal\/2020\/08\/20\/censo-educativo-2020-capacitacion-virtual-25-y-26-de-agosto\/","title":{"rendered":"CENSO EDUCATIVO 2020 &#8211; CAPACITACI\u00d3N VIRTUAL 25 Y 26 DE AGOSTO"},"content":{"rendered":"<p style=\"text-align: center;\"><strong>Se comunica a se\u00f1ores Directores de las Instituciones y Centros Educativos de los niveles y modalidades EBR (Inicial, Primaria y Secundaria), EBE, EBA, ETP y Programas no Escolarizados (Docentes Coordinadores) P\u00fablicos y Privados del \u00e1mbito de la Unidad de Gesti\u00f3n Educativa Local Chucuito Juli; Que deber\u00e1n participar en la Capacitaci\u00f3n Virtual y Reporte oportuno del Censo Educativo 2020: M\u00f3dulo I (C\u00e9dulas \u00abA\u00bb y \u00ab11\u00bb), que\u00a0se realizar\u00e1 los d\u00edas 25 y 26 de agosto del a\u00f1o en curso.<\/strong><\/p>\n<p><em><strong><span style=\"color: #ff0000;\">CONVOCATORIA:<\/span><\/strong><\/em><\/p>\n<p><a href=\"http:\/\/ugelchucuito.edu.pe\/portal\/wp-content\/uploads\/2020\/08\/Oficio-Mult-N\u00b0074-2020-UGEL-CHJ_Convocatoria-Virtual-1.pdf\" target=\"_blank\" rel=\"noopener noreferrer\">VER_Oficio Mult. N\u00b0074-2020-UGEL CHJ_Convocatoria Virtual<\/a><\/p>\n<p><em><strong><span style=\"color: #ff0000;\">CRONOGRAMA:<\/span><\/strong><\/em><\/p>\n<p><a href=\"http:\/\/ugelchucuito.edu.pe\/portal\/wp-content\/uploads\/2020\/08\/Oficio-Mult-N\u00b0074-2020-UGEL-CHJ_Cronograma-Capacitaci\u00f3n-1.pdf\" target=\"_blank\" rel=\"noopener noreferrer\">VER_Cronograma de Capacitaci\u00f3n<\/a><\/p>\n","protected":false},"excerpt":{"rendered":"<p>Se comunica a se\u00f1ores Directores de las Instituciones y Centros Educativos de los niveles y modalidades EBR (Inicial, Primaria y Secundaria), EBE, EBA, ETP y Programas no Escolarizados (Docentes Coordinadores) P\u00fablicos y Privados del \u00e1mbito de la Unidad de Gesti\u00f3n Educativa Local Chucuito Juli; Que deber\u00e1n participar en la Capacitaci\u00f3n Virtual y Reporte oportuno del [&hellip;]<\/p>\n","protected":false},"author":11,"featured_media":0,"comment_status":"open","ping_status":"open","sticky":false,"template":"","format":"standard","meta":{"footnotes":""},"categories":[],"tags":[],"class_list":["post-11201","post","type-post","status-publish","format-standard","hentry"],"_links":{"self":[{"href":"https:\/\/ugelchucuito.edu.pe\/portal\/wp-json\/wp\/v2\/posts\/11201","targetHints":{"allow":["GET"]}}],"collection":[{"href":"https:\/\/ugelchucuito.edu.pe\/portal\/wp-json\/wp\/v2\/posts"}],"about":[{"href":"https:\/\/ugelchucuito.edu.pe\/portal\/wp-json\/wp\/v2\/types\/post"}],"author":[{"embeddable":true,"href":"https:\/\/ugelchucuito.edu.pe\/portal\/wp-json\/wp\/v2\/users\/11"}],"replies":[{"embeddable":true,"href":"https:\/\/ugelchucuito.edu.pe\/portal\/wp-json\/wp\/v2\/comments?post=11201"}],"version-history":[{"count":2,"href":"https:\/\/ugelchucuito.edu.pe\/portal\/wp-json\/wp\/v2\/posts\/11201\/revisions"}],"predecessor-version":[{"id":11217,"href":"https:\/\/ugelchucuito.edu.pe\/portal\/wp-json\/wp\/v2\/posts\/11201\/revisions\/11217"}],"wp:attachment":[{"href":"https:\/\/ugelchucuito.edu.pe\/portal\/wp-json\/wp\/v2\/media?parent=11201"}],"wp:term":[{"taxonomy":"category","embeddable":true,"href":"https:\/\/ugelchucuito.edu.pe\/portal\/wp-json\/wp\/v2\/categories?post=11201"},{"taxonomy":"post_tag","embeddable":true,"href":"https:\/\/ugelchucuito.edu.pe\/portal\/wp-json\/wp\/v2\/tags?post=11201"}],"curies":[{"name":"wp","href":"https:\/\/api.w.org\/{rel}","templated":true}]}}