{"id":11269,"date":"2020-08-31T11:03:23","date_gmt":"2020-08-31T16:03:23","guid":{"rendered":"http:\/\/ugelchucuito.edu.pe\/portal\/?p=11269"},"modified":"2020-08-31T11:03:23","modified_gmt":"2020-08-31T16:03:23","slug":"americas-girls-can-code-2020","status":"publish","type":"post","link":"https:\/\/ugelchucuito.edu.pe\/portal\/2020\/08\/31\/americas-girls-can-code-2020\/","title":{"rendered":"Americas Girls Can Code 2020"},"content":{"rendered":"<h3><strong>Esta iniciativa busca empoderar a las ni\u00f1as de entre 14 y 17 a\u00f1os de escuelas p\u00fablicas a trav\u00e9s de la programaci\u00f3n y otras tecnolog\u00edas digitales. La edici\u00f3n de este a\u00f1o ser\u00e1 un evento virtual y se desarrollar\u00e1 del 2 al 4 de setiembre.<\/strong><\/h3>\n<h3><span style=\"color: #ff0000;\"><strong>Participantes:<\/strong><\/span><\/h3>\n<h3>El AGCC 2020 est\u00e1 dirigido a ni\u00f1as de entre 14 y 17 a\u00f1os de escuelas p\u00fablicas de todos los pa\u00edses de habla hispana del continente americano. Las interesadas pueden registrarse en el evento a trav\u00e9s de Per\u00faEduca hasta el 1 de setiembre.<\/h3>\n<h3><span style=\"color: #ffffff;\">.<\/span><\/h3>\n<h3><a href=\"http:\/\/ugelchucuito.edu.pe\/portal\/wp-content\/uploads\/2020\/08\/OFICIO_MULTIPLE-00010-2020-MINEDU-VMGP-DITE.pdf\" target=\"_blank\" rel=\"noopener noreferrer\">OFICIO_MULTIPLE-00010-2020-MINEDU-VMGP-DITE<\/a><\/h3>\n<h3><span style=\"color: #ffffff;\">.<\/span><\/h3>\n<h3><span style=\"color: #ff0000;\">El\u00a0enlace para el\u00a0registro es:<\/span>\u00a0<a href=\"http:\/\/www.perueduca.pe\/estudiantes\/noticias-2020\/08\/participa-del-americas-girls-can-code-2020-y-potencia-tus-habilidades-digitales\" target=\"_blank\" rel=\"noopener noreferrer\" data-auth=\"NotApplicable\">http:\/\/www.perueduca.pe\/estudiantes\/noticias-2020\/08\/participa-del-americas-girls-can-code-2020-y-potencia-tus-habilidades-digitales<\/a><\/h3>\n<h3><span style=\"color: #ffffff;\">.<\/span><\/h3>\n<h3><\/h3>\n","protected":false},"excerpt":{"rendered":"<p>Esta iniciativa busca empoderar a las ni\u00f1as de entre 14 y 17 a\u00f1os de escuelas p\u00fablicas a trav\u00e9s de la programaci\u00f3n y otras tecnolog\u00edas digitales. La edici\u00f3n de este a\u00f1o ser\u00e1 un evento virtual y se desarrollar\u00e1 del 2 al 4 de setiembre. Participantes: El AGCC 2020 est\u00e1 dirigido a ni\u00f1as de entre 14 y [&hellip;]<\/p>\n","protected":false},"author":1,"featured_media":0,"comment_status":"open","ping_status":"open","sticky":false,"template":"","format":"standard","meta":{"footnotes":""},"categories":[],"tags":[],"class_list":["post-11269","post","type-post","status-publish","format-standard","hentry"],"_links":{"self":[{"href":"https:\/\/ugelchucuito.edu.pe\/portal\/wp-json\/wp\/v2\/posts\/11269","targetHints":{"allow":["GET"]}}],"collection":[{"href":"https:\/\/ugelchucuito.edu.pe\/portal\/wp-json\/wp\/v2\/posts"}],"about":[{"href":"https:\/\/ugelchucuito.edu.pe\/portal\/wp-json\/wp\/v2\/types\/post"}],"author":[{"embeddable":true,"href":"https:\/\/ugelchucuito.edu.pe\/portal\/wp-json\/wp\/v2\/users\/1"}],"replies":[{"embeddable":true,"href":"https:\/\/ugelchucuito.edu.pe\/portal\/wp-json\/wp\/v2\/comments?post=11269"}],"version-history":[{"count":1,"href":"https:\/\/ugelchucuito.edu.pe\/portal\/wp-json\/wp\/v2\/posts\/11269\/revisions"}],"predecessor-version":[{"id":11272,"href":"https:\/\/ugelchucuito.edu.pe\/portal\/wp-json\/wp\/v2\/posts\/11269\/revisions\/11272"}],"wp:attachment":[{"href":"https:\/\/ugelchucuito.edu.pe\/portal\/wp-json\/wp\/v2\/media?parent=11269"}],"wp:term":[{"taxonomy":"category","embeddable":true,"href":"https:\/\/ugelchucuito.edu.pe\/portal\/wp-json\/wp\/v2\/categories?post=11269"},{"taxonomy":"post_tag","embeddable":true,"href":"https:\/\/ugelchucuito.edu.pe\/portal\/wp-json\/wp\/v2\/tags?post=11269"}],"curies":[{"name":"wp","href":"https:\/\/api.w.org\/{rel}","templated":true}]}}