{"id":11397,"date":"2020-09-17T22:50:32","date_gmt":"2020-09-18T03:50:32","guid":{"rendered":"http:\/\/ugelchucuito.edu.pe\/portal\/?p=11397"},"modified":"2020-09-18T07:20:39","modified_gmt":"2020-09-18T12:20:39","slug":"comunicado-n02-censo-educativo-2020-avance-al-17-de-setiembre","status":"publish","type":"post","link":"https:\/\/ugelchucuito.edu.pe\/portal\/2020\/09\/17\/comunicado-n02-censo-educativo-2020-avance-al-17-de-setiembre\/","title":{"rendered":"COMUNICADO N\u00b002: CENSO EDUCATIVO 2020, AVANCE AL 17 DE SETIEMBRE."},"content":{"rendered":"<p style=\"text-align: center\"><span style=\"color: #0000ff\"><strong><u>COMNICADO N\u00b0002-2020-CENSO EDUCATIVO<\/u><\/strong><\/span><\/p>\n<p style=\"text-align: center\"><strong><span style=\"color: #000000\">LA UNIDAD DE GESTI\u00d3N EDUCATIVA LOCAL CHUCUITO JULI, A TRAV\u00c9S DEL \u00c1REA DE GESTI\u00d3N INSTITUCIONAL Y ESPECIALISTA EN ESTAD\u00cdSTICA; COMUNICA EL REPORTE (AVANCE) DEL CENSO EDUCATIVO 2020, AL D\u00cdA DE HOY 17\/09\/2020; EN LA <span style=\"color: #ff0000\">C\u00c9DULA \u201cA\u201d AVANCE DEL 40.62%<\/span> (262 II.EE. DE 645) Y EN LA <span style=\"color: #ff0000\">C\u00c9DULA \u201c11\u201d AVANCE DEL 33.60%<\/span> (126 LOCALES EDUCATIVOS DE 375), LO QUE IMPLICA QUE TENEMOS UN AVANCE REGULAR.<\/span><\/strong><\/p>\n<p style=\"text-align: center\"><span style=\"color: #000000\"><strong>SE\u00d1ORES DIRECTORES Y PROFESORES COORDINADORES, RECORDAR QUE NOS FALTAN MENOS DE 2 SEMANAS PARA CONCLUIR EL CENSO DEL M\u00d3DULO I, LO QUE NOS OBLIGA A REDOBLAR ESFUERZOS EN ESTA DIF\u00cdCIL COYUNTURA EN LA NOS ENCONTRAMOS EN TODO EL PA\u00cdS, ESPECIALMENTE LA REGI\u00d3N PUNO.<\/strong><\/span><\/p>\n<p style=\"text-align: center\"><strong><span style=\"color: #000000\">AS\u00cd MISMO, SE COMUNICA QUE EL<\/span> <span style=\"color: #0000ff\">D\u00cdA MARTES 22 DE SETIEMBRE SE PUBLICAR\u00c1 LA LISTA DE II.EE. PRE OMISOS<\/span> <span style=\"color: #000000\">AL CENSO EDUCATIVO 2020<\/span>.<\/strong><\/p>\n<p style=\"text-align: center\"><span style=\"color: #000000\"><strong>FINALMENTE, COMUNICAR QUE LA C\u00c9DULA \u201c11\u201d, TIENE MUCHOS CAMPOS BLOQUEADOS QUE NO REQUIEREN LLENAR LA INFORMACI\u00d3N Y ADEM\u00c1S SEGUIR LAS RECOMENDACIONES QUE CONSTANTEMENTE ESTA REALIZANDO LA UE-MINEDU.<\/strong><\/span><\/p>\n<p style=\"text-align: center\"><span style=\"color: #0000ff\"><strong>CONSULTAS: Celulares (WhatsApp) 990525320, 933366651, 951556097 y Email: arisbrauliosc@gmail.com y\/o heber.escarcena@gmail.com<\/strong><\/span><\/p>\n<p style=\"text-align: center\"><span style=\"color: #ff0000\"><strong>AGI &#8211; <\/strong><strong>ESTAD\u00cdSTICA<\/strong><\/span><\/p>\n","protected":false},"excerpt":{"rendered":"<p>COMNICADO N\u00b0002-2020-CENSO EDUCATIVO LA UNIDAD DE GESTI\u00d3N EDUCATIVA LOCAL CHUCUITO JULI, A TRAV\u00c9S DEL \u00c1REA DE GESTI\u00d3N INSTITUCIONAL Y ESPECIALISTA EN ESTAD\u00cdSTICA; COMUNICA EL REPORTE (AVANCE) DEL CENSO EDUCATIVO 2020, AL D\u00cdA DE HOY 17\/09\/2020; EN LA C\u00c9DULA \u201cA\u201d AVANCE DEL 40.62% (262 II.EE. DE 645) Y EN LA C\u00c9DULA \u201c11\u201d AVANCE DEL 33.60% (126 [&hellip;]<\/p>\n","protected":false},"author":11,"featured_media":0,"comment_status":"open","ping_status":"open","sticky":false,"template":"","format":"standard","meta":{"footnotes":""},"categories":[],"tags":[],"class_list":["post-11397","post","type-post","status-publish","format-standard","hentry"],"_links":{"self":[{"href":"https:\/\/ugelchucuito.edu.pe\/portal\/wp-json\/wp\/v2\/posts\/11397","targetHints":{"allow":["GET"]}}],"collection":[{"href":"https:\/\/ugelchucuito.edu.pe\/portal\/wp-json\/wp\/v2\/posts"}],"about":[{"href":"https:\/\/ugelchucuito.edu.pe\/portal\/wp-json\/wp\/v2\/types\/post"}],"author":[{"embeddable":true,"href":"https:\/\/ugelchucuito.edu.pe\/portal\/wp-json\/wp\/v2\/users\/11"}],"replies":[{"embeddable":true,"href":"https:\/\/ugelchucuito.edu.pe\/portal\/wp-json\/wp\/v2\/comments?post=11397"}],"version-history":[{"count":5,"href":"https:\/\/ugelchucuito.edu.pe\/portal\/wp-json\/wp\/v2\/posts\/11397\/revisions"}],"predecessor-version":[{"id":11404,"href":"https:\/\/ugelchucuito.edu.pe\/portal\/wp-json\/wp\/v2\/posts\/11397\/revisions\/11404"}],"wp:attachment":[{"href":"https:\/\/ugelchucuito.edu.pe\/portal\/wp-json\/wp\/v2\/media?parent=11397"}],"wp:term":[{"taxonomy":"category","embeddable":true,"href":"https:\/\/ugelchucuito.edu.pe\/portal\/wp-json\/wp\/v2\/categories?post=11397"},{"taxonomy":"post_tag","embeddable":true,"href":"https:\/\/ugelchucuito.edu.pe\/portal\/wp-json\/wp\/v2\/tags?post=11397"}],"curies":[{"name":"wp","href":"https:\/\/api.w.org\/{rel}","templated":true}]}}