{"id":11424,"date":"2020-09-21T13:51:19","date_gmt":"2020-09-21T18:51:19","guid":{"rendered":"http:\/\/ugelchucuito.edu.pe\/portal\/?p=11424"},"modified":"2020-09-21T13:51:19","modified_gmt":"2020-09-21T18:51:19","slug":"cronograma-regional-rotacion-del-personal-administrativo-del-regimen-laboral-d-l-276-para-el-ano-2020-de-la-dre-puno-y-ugel-chucuito","status":"publish","type":"post","link":"https:\/\/ugelchucuito.edu.pe\/portal\/2020\/09\/21\/cronograma-regional-rotacion-del-personal-administrativo-del-regimen-laboral-d-l-276-para-el-ano-2020-de-la-dre-puno-y-ugel-chucuito\/","title":{"rendered":"CRONOGRAMA REGIONAL &#8211; ROTACI\u00d3N DEL PERSONAL ADMINISTRATIVO DEL R\u00c9GIMEN LABORAL D.L. 276, PARA EL A\u00d1O 2020 DE LA DRE PUNO Y UGEL CHUCUITO"},"content":{"rendered":"<p><a href=\"http:\/\/ugelchucuito.edu.pe\/portal\/wp-content\/uploads\/2020\/09\/CRONOGRAMA-REGIONAL-rotacion-DL-276.pdf\"><span style=\"font-size: 19px;color: #0000ff\"><strong>&#8211; VER CRONOGRAMA<\/strong><\/span><\/a><\/p>\n","protected":false},"excerpt":{"rendered":"<p>&#8211; VER CRONOGRAMA<\/p>\n","protected":false},"author":3,"featured_media":0,"comment_status":"open","ping_status":"open","sticky":false,"template":"","format":"standard","meta":{"footnotes":""},"categories":[],"tags":[],"class_list":["post-11424","post","type-post","status-publish","format-standard","hentry"],"_links":{"self":[{"href":"https:\/\/ugelchucuito.edu.pe\/portal\/wp-json\/wp\/v2\/posts\/11424","targetHints":{"allow":["GET"]}}],"collection":[{"href":"https:\/\/ugelchucuito.edu.pe\/portal\/wp-json\/wp\/v2\/posts"}],"about":[{"href":"https:\/\/ugelchucuito.edu.pe\/portal\/wp-json\/wp\/v2\/types\/post"}],"author":[{"embeddable":true,"href":"https:\/\/ugelchucuito.edu.pe\/portal\/wp-json\/wp\/v2\/users\/3"}],"replies":[{"embeddable":true,"href":"https:\/\/ugelchucuito.edu.pe\/portal\/wp-json\/wp\/v2\/comments?post=11424"}],"version-history":[{"count":1,"href":"https:\/\/ugelchucuito.edu.pe\/portal\/wp-json\/wp\/v2\/posts\/11424\/revisions"}],"predecessor-version":[{"id":11426,"href":"https:\/\/ugelchucuito.edu.pe\/portal\/wp-json\/wp\/v2\/posts\/11424\/revisions\/11426"}],"wp:attachment":[{"href":"https:\/\/ugelchucuito.edu.pe\/portal\/wp-json\/wp\/v2\/media?parent=11424"}],"wp:term":[{"taxonomy":"category","embeddable":true,"href":"https:\/\/ugelchucuito.edu.pe\/portal\/wp-json\/wp\/v2\/categories?post=11424"},{"taxonomy":"post_tag","embeddable":true,"href":"https:\/\/ugelchucuito.edu.pe\/portal\/wp-json\/wp\/v2\/tags?post=11424"}],"curies":[{"name":"wp","href":"https:\/\/api.w.org\/{rel}","templated":true}]}}