{"id":11429,"date":"2020-09-22T13:45:59","date_gmt":"2020-09-22T18:45:59","guid":{"rendered":"http:\/\/ugelchucuito.edu.pe\/portal\/?p=11429"},"modified":"2020-09-22T13:51:32","modified_gmt":"2020-09-22T18:51:32","slug":"programa-de-entrenamiento-cientifico-virtual-100-ninas-frente-al-covid-19","status":"publish","type":"post","link":"https:\/\/ugelchucuito.edu.pe\/portal\/2020\/09\/22\/programa-de-entrenamiento-cientifico-virtual-100-ninas-frente-al-covid-19\/","title":{"rendered":"PROGRAMA DE ENTRENAMIENTO CIENT\u00cdFICO VIRTUAL \u00ab100 Ni\u00f1as Frente al COVID-19\u00bb"},"content":{"rendered":"<p>Mactec ha lanzado un programa de entrenamiento cient\u00edfico virtual llamado\u00a0<b><a href=\"https:\/\/www.laminiacademia.com\/100nfc\" target=\"_blank\" rel=\"noopener noreferrer\" data-auth=\"NotApplicable\">100 Ni\u00f1as Frente al COVID-19<\/a><\/b>, d\u00f3nde est\u00e1n otorgando\u00a0<b>100 becas<\/b>\u00a0para que\u00a0<b>ni\u00f1as de 10 a 12 a\u00f1os de todo el Per\u00fa<\/b>\u00a0puedan participar y aprender sobre la ciencia detr\u00e1s del SARS-COV-2, virus causante del COVID-19 y de toda esta pandemia que venimos enfrentando.<\/p>\n<div>\n<div>Durante 06 semanas 100 ni\u00f1as de todo el Per\u00fa se capacitar\u00e1n con informaci\u00f3n validada por cient\u00edficos de nuestra red Mactec y realizar\u00e1n un proyecto de difusi\u00f3n que compartir\u00e1n con su comunidad. Toda la informaci\u00f3n detallada se encuentra en el flyer\/volante adjunto.<\/div>\n<div><\/div>\n<div>La convocatoria para la participaci\u00f3n de las ni\u00f1as ser\u00e1\u00a0<b>hasta el 27 de este mes<\/b>. Link de la Inscripci\u00f3n:\u00a0<a href=\"https:\/\/www.laminiacademia.com\/100nfc\" target=\"_blank\" rel=\"noopener noreferrer\" data-auth=\"NotApplicable\">https:\/\/www.laminiacademia.com\/100nfc<\/a><\/div>\n<\/div>\n<div><\/div>\n<div><\/div>\n<div><a href=\"http:\/\/ugelchucuito.edu.pe\/portal\/wp-content\/uploads\/2020\/09\/Flyer_100NFC-1.pdf\"><span style=\"font-size: 20px;color: #0000ff\"><strong>&#8211; VER FLYER\/VOLANTE<\/strong><\/span><\/a><\/div>\n","protected":false},"excerpt":{"rendered":"<p>Mactec ha lanzado un programa de entrenamiento cient\u00edfico virtual llamado\u00a0100 Ni\u00f1as Frente al COVID-19, d\u00f3nde est\u00e1n otorgando\u00a0100 becas\u00a0para que\u00a0ni\u00f1as de 10 a 12 a\u00f1os de todo el Per\u00fa\u00a0puedan participar y aprender sobre la ciencia detr\u00e1s del SARS-COV-2, virus causante del COVID-19 y de toda esta pandemia que venimos enfrentando. Durante 06 semanas 100 ni\u00f1as de [&hellip;]<\/p>\n","protected":false},"author":3,"featured_media":0,"comment_status":"open","ping_status":"open","sticky":false,"template":"","format":"standard","meta":{"footnotes":""},"categories":[],"tags":[],"class_list":["post-11429","post","type-post","status-publish","format-standard","hentry"],"_links":{"self":[{"href":"https:\/\/ugelchucuito.edu.pe\/portal\/wp-json\/wp\/v2\/posts\/11429","targetHints":{"allow":["GET"]}}],"collection":[{"href":"https:\/\/ugelchucuito.edu.pe\/portal\/wp-json\/wp\/v2\/posts"}],"about":[{"href":"https:\/\/ugelchucuito.edu.pe\/portal\/wp-json\/wp\/v2\/types\/post"}],"author":[{"embeddable":true,"href":"https:\/\/ugelchucuito.edu.pe\/portal\/wp-json\/wp\/v2\/users\/3"}],"replies":[{"embeddable":true,"href":"https:\/\/ugelchucuito.edu.pe\/portal\/wp-json\/wp\/v2\/comments?post=11429"}],"version-history":[{"count":2,"href":"https:\/\/ugelchucuito.edu.pe\/portal\/wp-json\/wp\/v2\/posts\/11429\/revisions"}],"predecessor-version":[{"id":11433,"href":"https:\/\/ugelchucuito.edu.pe\/portal\/wp-json\/wp\/v2\/posts\/11429\/revisions\/11433"}],"wp:attachment":[{"href":"https:\/\/ugelchucuito.edu.pe\/portal\/wp-json\/wp\/v2\/media?parent=11429"}],"wp:term":[{"taxonomy":"category","embeddable":true,"href":"https:\/\/ugelchucuito.edu.pe\/portal\/wp-json\/wp\/v2\/categories?post=11429"},{"taxonomy":"post_tag","embeddable":true,"href":"https:\/\/ugelchucuito.edu.pe\/portal\/wp-json\/wp\/v2\/tags?post=11429"}],"curies":[{"name":"wp","href":"https:\/\/api.w.org\/{rel}","templated":true}]}}