{"id":11436,"date":"2020-09-23T17:17:06","date_gmt":"2020-09-23T22:17:06","guid":{"rendered":"http:\/\/ugelchucuito.edu.pe\/portal\/?p=11436"},"modified":"2020-09-24T13:55:08","modified_gmt":"2020-09-24T18:55:08","slug":"reporte-de-plazas-vacantes-rotacion-del-personal-administrativo-del-regimen-laboral-d-l-276-para-el-ano-2020-ugel-chucuito","status":"publish","type":"post","link":"https:\/\/ugelchucuito.edu.pe\/portal\/2020\/09\/23\/reporte-de-plazas-vacantes-rotacion-del-personal-administrativo-del-regimen-laboral-d-l-276-para-el-ano-2020-ugel-chucuito\/","title":{"rendered":"REPORTE DE PLAZAS VACANTES \u2013 ROTACI\u00d3N DEL PERSONAL ADMINISTRATIVO DEL R\u00c9GIMEN LABORAL D.L. 276, PARA EL A\u00d1O 2020 &#8211; UGEL CHUCUITO"},"content":{"rendered":"<p><a href=\"http:\/\/ugelchucuito.edu.pe\/portal\/wp-content\/uploads\/2020\/09\/PLAZAS-PARA-ROTACION-PERSONAL-ADMINISTRATIVO-2020.pdf\"><span style=\"font-size: 19px;color: #0000ff\"><strong>&#8211; VER REPORTE DE PLAZAS VACANTES<\/strong><\/span><\/a><\/p>\n<p><span style=\"font-size: 19px\"><strong><a href=\"http:\/\/ugelchucuito.edu.pe\/portal\/wp-content\/uploads\/2020\/09\/CRONOGRAMA-REGIONAL-rotacion-DL-276.pdf\">\u2013 VER CRONOGRAMA<\/a><\/strong><\/span><\/p>\n<p><span style=\"font-size: 20px\"><strong>NOTA: LA PRESENTACI\u00d3N DE EXPEDIENTES SER\u00c1 A TRAVEZ DEL FUT VIRTUAL DE LA UGEL CHUCUITO JULI, EN EL SIGUIENTE ENLACE:<\/strong><\/span><\/p>\n<p><a href=\"http:\/\/ofictd.ugelchucuito.org\/futvirtual\/\"><span style=\"font-size: 20px\"><strong>http:\/\/ofictd.ugelchucuito.org\/futvirtual\/<\/strong><\/span><\/a><\/p>\n<p>&nbsp;<\/p>\n","protected":false},"excerpt":{"rendered":"<p>&#8211; VER REPORTE DE PLAZAS VACANTES \u2013 VER CRONOGRAMA NOTA: LA PRESENTACI\u00d3N DE EXPEDIENTES SER\u00c1 A TRAVEZ DEL FUT VIRTUAL DE LA UGEL CHUCUITO JULI, EN EL SIGUIENTE ENLACE: http:\/\/ofictd.ugelchucuito.org\/futvirtual\/ &nbsp;<\/p>\n","protected":false},"author":3,"featured_media":0,"comment_status":"open","ping_status":"open","sticky":false,"template":"","format":"standard","meta":{"footnotes":""},"categories":[],"tags":[],"class_list":["post-11436","post","type-post","status-publish","format-standard","hentry"],"_links":{"self":[{"href":"https:\/\/ugelchucuito.edu.pe\/portal\/wp-json\/wp\/v2\/posts\/11436","targetHints":{"allow":["GET"]}}],"collection":[{"href":"https:\/\/ugelchucuito.edu.pe\/portal\/wp-json\/wp\/v2\/posts"}],"about":[{"href":"https:\/\/ugelchucuito.edu.pe\/portal\/wp-json\/wp\/v2\/types\/post"}],"author":[{"embeddable":true,"href":"https:\/\/ugelchucuito.edu.pe\/portal\/wp-json\/wp\/v2\/users\/3"}],"replies":[{"embeddable":true,"href":"https:\/\/ugelchucuito.edu.pe\/portal\/wp-json\/wp\/v2\/comments?post=11436"}],"version-history":[{"count":4,"href":"https:\/\/ugelchucuito.edu.pe\/portal\/wp-json\/wp\/v2\/posts\/11436\/revisions"}],"predecessor-version":[{"id":11438,"href":"https:\/\/ugelchucuito.edu.pe\/portal\/wp-json\/wp\/v2\/posts\/11436\/revisions\/11438"}],"wp:attachment":[{"href":"https:\/\/ugelchucuito.edu.pe\/portal\/wp-json\/wp\/v2\/media?parent=11436"}],"wp:term":[{"taxonomy":"category","embeddable":true,"href":"https:\/\/ugelchucuito.edu.pe\/portal\/wp-json\/wp\/v2\/categories?post=11436"},{"taxonomy":"post_tag","embeddable":true,"href":"https:\/\/ugelchucuito.edu.pe\/portal\/wp-json\/wp\/v2\/tags?post=11436"}],"curies":[{"name":"wp","href":"https:\/\/api.w.org\/{rel}","templated":true}]}}