{"id":11441,"date":"2020-09-25T11:50:53","date_gmt":"2020-09-25T16:50:53","guid":{"rendered":"http:\/\/ugelchucuito.edu.pe\/portal\/?p=11441"},"modified":"2020-09-25T11:50:53","modified_gmt":"2020-09-25T16:50:53","slug":"semana-de-reflexion-de-los-aprendizajes","status":"publish","type":"post","link":"https:\/\/ugelchucuito.edu.pe\/portal\/2020\/09\/25\/semana-de-reflexion-de-los-aprendizajes\/","title":{"rendered":"SEMANA DE REFLEXI\u00d3N DE LOS APRENDIZAJES"},"content":{"rendered":"<p>Estimados directivos y docentes, del 28 de setiembre\u00a0 al 02 de octubre, se desarrollar\u00e1 la semana e reflexi\u00f3n de los aprendizajes para seguir con la mejora continua. Esta no ser\u00e1 una semana de calificaci\u00f3n, sino de reflexionar y promover la autoevaluaci\u00f3n sobre los aprendizajes que se vienen logrando.<\/p>\n<p>Esta semana tiene como objetivo permitir a los estudiantes de los niveles de inicial, primaria y secundaria, reflexionar sobre su proceso de aprendizaje, a partir de la revisi\u00f3n de los trabajos que han desarrollado durante las experiencias de aprendizaje.<\/p>\n<p>\u2022 En el nivel de Educaci\u00f3n Inicial la denominaci\u00f3n de la semana es \u201cYo tambi\u00e9n tengo poderes\u201d.<\/p>\n<p>\u2022 En el nivel de Educaci\u00f3n Primaria y Secundaria la denominaci\u00f3n de la semana es \u201cReflexionemos sobre nuestros aprendizajes para mejorar\u201d.<\/p>\n<p>Este espacio es de suma importancia para reforzar, en el marco de la evaluaci\u00f3n formativa, que los estudiantes reflexionen sobre los avances, fortalezas o dificultades frente al desarrollo de sus aprendizajes, a trav\u00e9s de preguntas, c\u00f3mo:\u00a0<b>\u00bfCu\u00e1l era el prop\u00f3sito de mi experiencia y que productos ten\u00eda que elaborar? \u00bfCu\u00e1les eran los criterios o las caracter\u00edsticas que se esperaba que tuvieran mis productos? \u00bfQu\u00e9 aprendimos cuando desarrollamos esta actividad? \u00bfQu\u00e9 aprendizajes he logrado? \u00bfQu\u00e9 se me hizo dif\u00edcil? \u00bfQu\u00e9 cosas creo que podr\u00eda mejorar?<\/b>, entre otras.<\/p>\n<p>Las actividades que se realizar\u00e1n durante esta semana reforzar\u00e1n los procesos de autoevaluaci\u00f3n y el uso del portafolio como recurso que permite a los estudiantes organizar sus actividades y productos, evaluarlos y mejorarlos, en funci\u00f3n a criterios. El \u00e9nfasis estar\u00e1 en la revisi\u00f3n de evidencias de aprendizaje de las diversas competencias a partir de los criterios. Asimismo, se espera que esta sea una oportunidad para que los docentes revisen y ajusten estrategias de ense\u00f1anza con la finalidad de que las y los estudiantes puedan seguir progresando.<\/p>\n","protected":false},"excerpt":{"rendered":"<p>Estimados directivos y docentes, del 28 de setiembre\u00a0 al 02 de octubre, se desarrollar\u00e1 la semana e reflexi\u00f3n de los aprendizajes para seguir con la mejora continua. Esta no ser\u00e1 una semana de calificaci\u00f3n, sino de reflexionar y promover la autoevaluaci\u00f3n sobre los aprendizajes que se vienen logrando. Esta semana tiene como objetivo permitir a [&hellip;]<\/p>\n","protected":false},"author":2,"featured_media":0,"comment_status":"open","ping_status":"open","sticky":false,"template":"","format":"standard","meta":{"footnotes":""},"categories":[],"tags":[],"class_list":["post-11441","post","type-post","status-publish","format-standard","hentry"],"_links":{"self":[{"href":"https:\/\/ugelchucuito.edu.pe\/portal\/wp-json\/wp\/v2\/posts\/11441","targetHints":{"allow":["GET"]}}],"collection":[{"href":"https:\/\/ugelchucuito.edu.pe\/portal\/wp-json\/wp\/v2\/posts"}],"about":[{"href":"https:\/\/ugelchucuito.edu.pe\/portal\/wp-json\/wp\/v2\/types\/post"}],"author":[{"embeddable":true,"href":"https:\/\/ugelchucuito.edu.pe\/portal\/wp-json\/wp\/v2\/users\/2"}],"replies":[{"embeddable":true,"href":"https:\/\/ugelchucuito.edu.pe\/portal\/wp-json\/wp\/v2\/comments?post=11441"}],"version-history":[{"count":1,"href":"https:\/\/ugelchucuito.edu.pe\/portal\/wp-json\/wp\/v2\/posts\/11441\/revisions"}],"predecessor-version":[{"id":11443,"href":"https:\/\/ugelchucuito.edu.pe\/portal\/wp-json\/wp\/v2\/posts\/11441\/revisions\/11443"}],"wp:attachment":[{"href":"https:\/\/ugelchucuito.edu.pe\/portal\/wp-json\/wp\/v2\/media?parent=11441"}],"wp:term":[{"taxonomy":"category","embeddable":true,"href":"https:\/\/ugelchucuito.edu.pe\/portal\/wp-json\/wp\/v2\/categories?post=11441"},{"taxonomy":"post_tag","embeddable":true,"href":"https:\/\/ugelchucuito.edu.pe\/portal\/wp-json\/wp\/v2\/tags?post=11441"}],"curies":[{"name":"wp","href":"https:\/\/api.w.org\/{rel}","templated":true}]}}