{"id":11445,"date":"2020-09-25T18:33:04","date_gmt":"2020-09-25T23:33:04","guid":{"rendered":"http:\/\/ugelchucuito.edu.pe\/portal\/?p=11445"},"modified":"2020-09-25T19:49:27","modified_gmt":"2020-09-26T00:49:27","slug":"convocatoria-adjudicacion-contrato-docente-virtual-comunicado-032-2020-ugel-chj-c-c-doc-ebr-educ-secundaria-ept-computacion-e-informatica","status":"publish","type":"post","link":"https:\/\/ugelchucuito.edu.pe\/portal\/2020\/09\/25\/convocatoria-adjudicacion-contrato-docente-virtual-comunicado-032-2020-ugel-chj-c-c-doc-ebr-educ-secundaria-ept-computacion-e-informatica\/","title":{"rendered":"CONVOCATORIA: ADJUDICACI\u00d3N CONTRATO DOCENTE VIRTUAL \u2013 COMUNICADO 032-2020-UGEL.CHJ\/C.C.DOC. (EBR \u2013 EDUC. SECUNDARIA &#8211; EPT COMPUTACI\u00d3N E INFORM\u00c1TICA)"},"content":{"rendered":"<p><span style=\"font-size: 19px;color: #0000ff\"><strong><a style=\"color: #0000ff\" href=\"http:\/\/ugelchucuito.edu.pe\/portal\/wp-content\/uploads\/2020\/09\/COMUNICADO-032-SEC-EPT-COMP-INFORM-2509.pdf\" target=\"_blank\" rel=\"noopener noreferrer\">\u2013 VER COMUNICADO<\/a><\/strong><\/span><\/p>\n<p><strong><a href=\"http:\/\/ugelchucuito.edu.pe\/portal\/wp-content\/uploads\/2020\/09\/INSTRUCTIVO-CONTRATO-DOCENTE-VIRTUAL-2020.pdf\" target=\"_blank\" rel=\"noopener noreferrer\"><span style=\"font-size: 19px;color: #000080\">\u2013 VER INSTRUCTIVO CONTRATO DOCENTE VIRTUAL 2020<\/span><\/a><\/strong><\/p>\n<p><strong><a href=\"http:\/\/ugelchucuito.edu.pe\/portal\/wp-content\/uploads\/2020\/09\/CUADRO-DE-MERITOS-25-09-2020-EPT-COMPUTACION-E-INFORMATICA.pdf\" target=\"_blank\" rel=\"noopener noreferrer\"><span style=\"font-size: 19px;color: #0000ff\">\u2013 VER CUADRO DE M\u00c9RITOS EBR &#8211; SEC. EPT COMPUTACI\u00d3N E INFORM\u00c1TICA<\/span><\/a><\/strong><\/p>\n<p><strong><a href=\"http:\/\/ugelchucuito.edu.pe\/portal\/wp-content\/uploads\/2020\/09\/report_de_postulant_que_no_present_datos_EBR_SEC_EPT_COMP_E_INFOR25-09-2020_y_ANEXO.pdf\" target=\"_blank\" rel=\"noopener noreferrer\"><span style=\"font-size: 19px;color: #000080\">\u2013 REPORTE DE POSTULANTES QUE NO PRESENTARON DATOS Y ANEXO-EDUC. SECUNDARIA EPT COMPUTACI\u00d3N E INFORM\u00c1TICA 25-09-2020_Y_ANEXO<\/span><\/a><\/strong><\/p>\n","protected":false},"excerpt":{"rendered":"<p>\u2013 VER COMUNICADO \u2013 VER INSTRUCTIVO CONTRATO DOCENTE VIRTUAL 2020 \u2013 VER CUADRO DE M\u00c9RITOS EBR &#8211; SEC. EPT COMPUTACI\u00d3N E INFORM\u00c1TICA \u2013 REPORTE DE POSTULANTES QUE NO PRESENTARON DATOS Y ANEXO-EDUC. SECUNDARIA EPT COMPUTACI\u00d3N E INFORM\u00c1TICA 25-09-2020_Y_ANEXO<\/p>\n","protected":false},"author":3,"featured_media":0,"comment_status":"open","ping_status":"open","sticky":false,"template":"","format":"standard","meta":{"footnotes":""},"categories":[],"tags":[],"class_list":["post-11445","post","type-post","status-publish","format-standard","hentry"],"_links":{"self":[{"href":"https:\/\/ugelchucuito.edu.pe\/portal\/wp-json\/wp\/v2\/posts\/11445","targetHints":{"allow":["GET"]}}],"collection":[{"href":"https:\/\/ugelchucuito.edu.pe\/portal\/wp-json\/wp\/v2\/posts"}],"about":[{"href":"https:\/\/ugelchucuito.edu.pe\/portal\/wp-json\/wp\/v2\/types\/post"}],"author":[{"embeddable":true,"href":"https:\/\/ugelchucuito.edu.pe\/portal\/wp-json\/wp\/v2\/users\/3"}],"replies":[{"embeddable":true,"href":"https:\/\/ugelchucuito.edu.pe\/portal\/wp-json\/wp\/v2\/comments?post=11445"}],"version-history":[{"count":4,"href":"https:\/\/ugelchucuito.edu.pe\/portal\/wp-json\/wp\/v2\/posts\/11445\/revisions"}],"predecessor-version":[{"id":11452,"href":"https:\/\/ugelchucuito.edu.pe\/portal\/wp-json\/wp\/v2\/posts\/11445\/revisions\/11452"}],"wp:attachment":[{"href":"https:\/\/ugelchucuito.edu.pe\/portal\/wp-json\/wp\/v2\/media?parent=11445"}],"wp:term":[{"taxonomy":"category","embeddable":true,"href":"https:\/\/ugelchucuito.edu.pe\/portal\/wp-json\/wp\/v2\/categories?post=11445"},{"taxonomy":"post_tag","embeddable":true,"href":"https:\/\/ugelchucuito.edu.pe\/portal\/wp-json\/wp\/v2\/tags?post=11445"}],"curies":[{"name":"wp","href":"https:\/\/api.w.org\/{rel}","templated":true}]}}