{"id":11593,"date":"2020-10-12T09:58:09","date_gmt":"2020-10-12T14:58:09","guid":{"rendered":"http:\/\/ugelchucuito.edu.pe\/portal\/?p=11593"},"modified":"2020-10-13T17:47:52","modified_gmt":"2020-10-13T22:47:52","slug":"iv-compromat-internacional","status":"publish","type":"post","link":"https:\/\/ugelchucuito.edu.pe\/portal\/2020\/10\/12\/iv-compromat-internacional\/","title":{"rendered":"IV CONPROMAT &#8211; INTERNACIONAL"},"content":{"rendered":"<p style=\"text-align: center\"><span style=\"font-size: 20px\"><strong>INVITACI\u00d3N<\/strong><\/span><\/p>\n<p>La UGEL Chucuito, invita todos y todas los profesionales de la educaci\u00f3n vinculados a la ense\u00f1anza de la MATEM\u00c1TICA, a participar del IV Congreso de Profesores de Matem\u00e1tica (IV CONPROMAT), que el presente a\u00f1o contar\u00e1 con invitados internacionales vinculados a la investigaci\u00f3n de la ense\u00f1anza de las matem\u00e1ticas:<\/p>\n<ul>\n<li>Mar\u00eda Jos\u00e9 Castillo C\u00e9spedes (Costa Rica). \u00abEvaluaci\u00f3n de la idoneidad epist\u00e9mica de una lecci\u00f3n de proporcionalidad por parte de futuros profesores de matem\u00e1ticas de secundaria.\u00bb<\/li>\n<li>Cristina Ayala Altamirano (Chile). \u00abJustificaci\u00f3n y expresi\u00f3n de la generalizaci\u00f3n de una relaci\u00f3n funcional.\u00bb<\/li>\n<li>Jocelyn D\u00edaz Pallauta (Chile). \u00abAn\u00e1lisis de la comprensi\u00f3n de las tablas estad\u00edsticas\u00bb<\/li>\n<li>Bethzab\u00e9 Cotrado Mendoza (Per\u00fa). \u00abIdoneidad did\u00e1ctica del Programa Curricular de Educaci\u00f3n Secundaria en el campo tem\u00e1tico de la probabilidad.<\/li>\n<\/ul>\n<p><span style=\"font-size: 24px\"><strong>Este importante evento se desarrollar\u00e1 v\u00eda <a href=\"https:\/\/www.facebook.com\/agpugelchucuitojuli\">https:\/\/www.facebook.com\/agpugelchucuitojuli<\/a><\/strong><\/span><\/p>\n<p><span style=\"font-size: 24px\"><strong> l<\/strong><\/span><span style=\"font-size: 24px\"><strong>os d\u00edas jueves 15 y viernes 16 de octubre<\/strong><\/span><\/p>\n<p><span style=\"font-size: 24px\"><strong> de 9:45 a 12:30 horas (hora de Per\u00fa)<\/strong><\/span><\/p>\n<p>Quedamos atentos a cualquier consulta,<\/p>\n<p>Albert Chata Mamani<\/p>\n<p>N\u00b0 de celular: 930939983<\/p>\n","protected":false},"excerpt":{"rendered":"<p>INVITACI\u00d3N La UGEL Chucuito, invita todos y todas los profesionales de la educaci\u00f3n vinculados a la ense\u00f1anza de la MATEM\u00c1TICA, a participar del IV Congreso de Profesores de Matem\u00e1tica (IV CONPROMAT), que el presente a\u00f1o contar\u00e1 con invitados internacionales vinculados a la investigaci\u00f3n de la ense\u00f1anza de las matem\u00e1ticas: Mar\u00eda Jos\u00e9 Castillo C\u00e9spedes (Costa Rica). [&hellip;]<\/p>\n","protected":false},"author":2,"featured_media":0,"comment_status":"closed","ping_status":"closed","sticky":false,"template":"","format":"standard","meta":{"footnotes":""},"categories":[],"tags":[],"class_list":["post-11593","post","type-post","status-publish","format-standard","hentry"],"_links":{"self":[{"href":"https:\/\/ugelchucuito.edu.pe\/portal\/wp-json\/wp\/v2\/posts\/11593","targetHints":{"allow":["GET"]}}],"collection":[{"href":"https:\/\/ugelchucuito.edu.pe\/portal\/wp-json\/wp\/v2\/posts"}],"about":[{"href":"https:\/\/ugelchucuito.edu.pe\/portal\/wp-json\/wp\/v2\/types\/post"}],"author":[{"embeddable":true,"href":"https:\/\/ugelchucuito.edu.pe\/portal\/wp-json\/wp\/v2\/users\/2"}],"replies":[{"embeddable":true,"href":"https:\/\/ugelchucuito.edu.pe\/portal\/wp-json\/wp\/v2\/comments?post=11593"}],"version-history":[{"count":5,"href":"https:\/\/ugelchucuito.edu.pe\/portal\/wp-json\/wp\/v2\/posts\/11593\/revisions"}],"predecessor-version":[{"id":11617,"href":"https:\/\/ugelchucuito.edu.pe\/portal\/wp-json\/wp\/v2\/posts\/11593\/revisions\/11617"}],"wp:attachment":[{"href":"https:\/\/ugelchucuito.edu.pe\/portal\/wp-json\/wp\/v2\/media?parent=11593"}],"wp:term":[{"taxonomy":"category","embeddable":true,"href":"https:\/\/ugelchucuito.edu.pe\/portal\/wp-json\/wp\/v2\/categories?post=11593"},{"taxonomy":"post_tag","embeddable":true,"href":"https:\/\/ugelchucuito.edu.pe\/portal\/wp-json\/wp\/v2\/tags?post=11593"}],"curies":[{"name":"wp","href":"https:\/\/api.w.org\/{rel}","templated":true}]}}