{"id":11645,"date":"2020-10-15T18:55:35","date_gmt":"2020-10-15T23:55:35","guid":{"rendered":"http:\/\/ugelchucuito.edu.pe\/portal\/?p=11645"},"modified":"2020-10-15T19:06:38","modified_gmt":"2020-10-16T00:06:38","slug":"comunicado-convocatoria-excepcional-para-jefe-de-agp","status":"publish","type":"post","link":"https:\/\/ugelchucuito.edu.pe\/portal\/2020\/10\/15\/comunicado-convocatoria-excepcional-para-jefe-de-agp\/","title":{"rendered":"COMUNICADO &#8211; INVITACI\u00d3N EXCEPCIONAL PARA OCUPAR EL CARGO DE JEFE DE GESTI\u00d3N PEDAG\u00d3GICA. UGEL CHUCUITO JULI"},"content":{"rendered":"<p><a href=\"http:\/\/ugelchucuito.edu.pe\/portal\/wp-content\/uploads\/2020\/10\/COMUNICADO-AGP.pdf\"><span style=\"font-size: 18px;color: #0000ff\"><strong>VER COMUNICADO<\/strong><\/span><\/a><\/p>\n","protected":false},"excerpt":{"rendered":"<p>VER COMUNICADO<\/p>\n","protected":false},"author":3,"featured_media":0,"comment_status":"open","ping_status":"open","sticky":false,"template":"","format":"standard","meta":{"footnotes":""},"categories":[],"tags":[],"class_list":["post-11645","post","type-post","status-publish","format-standard","hentry"],"_links":{"self":[{"href":"https:\/\/ugelchucuito.edu.pe\/portal\/wp-json\/wp\/v2\/posts\/11645","targetHints":{"allow":["GET"]}}],"collection":[{"href":"https:\/\/ugelchucuito.edu.pe\/portal\/wp-json\/wp\/v2\/posts"}],"about":[{"href":"https:\/\/ugelchucuito.edu.pe\/portal\/wp-json\/wp\/v2\/types\/post"}],"author":[{"embeddable":true,"href":"https:\/\/ugelchucuito.edu.pe\/portal\/wp-json\/wp\/v2\/users\/3"}],"replies":[{"embeddable":true,"href":"https:\/\/ugelchucuito.edu.pe\/portal\/wp-json\/wp\/v2\/comments?post=11645"}],"version-history":[{"count":4,"href":"https:\/\/ugelchucuito.edu.pe\/portal\/wp-json\/wp\/v2\/posts\/11645\/revisions"}],"predecessor-version":[{"id":11650,"href":"https:\/\/ugelchucuito.edu.pe\/portal\/wp-json\/wp\/v2\/posts\/11645\/revisions\/11650"}],"wp:attachment":[{"href":"https:\/\/ugelchucuito.edu.pe\/portal\/wp-json\/wp\/v2\/media?parent=11645"}],"wp:term":[{"taxonomy":"category","embeddable":true,"href":"https:\/\/ugelchucuito.edu.pe\/portal\/wp-json\/wp\/v2\/categories?post=11645"},{"taxonomy":"post_tag","embeddable":true,"href":"https:\/\/ugelchucuito.edu.pe\/portal\/wp-json\/wp\/v2\/tags?post=11645"}],"curies":[{"name":"wp","href":"https:\/\/api.w.org\/{rel}","templated":true}]}}