{"id":11747,"date":"2020-10-31T09:25:14","date_gmt":"2020-10-31T14:25:14","guid":{"rendered":"http:\/\/ugelchucuito.edu.pe\/portal\/?p=11747"},"modified":"2020-10-31T09:35:18","modified_gmt":"2020-10-31T14:35:18","slug":"conferencias-virtuales-tecnotic-2020-tecnologias-innovadores-para-la-educacion-iii","status":"publish","type":"post","link":"https:\/\/ugelchucuito.edu.pe\/portal\/2020\/10\/31\/conferencias-virtuales-tecnotic-2020-tecnologias-innovadores-para-la-educacion-iii\/","title":{"rendered":"CONFERENCIAS VIRTUALES &#8211; TECNOTIC 2020: TECNOLOG\u00cdAS INNOVADORAS PARA LA EDUCACI\u00d3N III"},"content":{"rendered":"<h2>Es un evento virtual organizado por la OTIC-MINEDU, dirigido a los L\u00edderes Especialistas de Tecnolog\u00edas Educativas de las DRE, UGEL, AT, DAIP, DCRT, CIST y Docentes de aula con conocimiento b\u00e1sicos en TIC.<\/h2>\r\n<h2>Con la finalidad de fortalecer los conocimientos tecnol\u00f3gicos y el uso de los recursos TIC de las IIEE.<\/h2>\r\n<h2><span style=\"color: #ff0000;\">La inscripci\u00f3n son hasta el 05 de noviembre del 2020<\/span> en el Link:<\/h2>\r\n<h2>\u00a0<\/h2>\r\n<h2><a href=\"https:\/\/forms.gle\/p4dR46u7jnTiipQX6\" target=\"_blank\" rel=\"noopener noreferrer\"><span style=\"font-size: 32px;\">https:\/\/forms.gle\/p4dR46u7jnTiipQX6<\/span><\/a><span style=\"color: #ffffff;\">.<\/span><\/h2>\r\n<h2>\u00a0<\/h2>\r\n<h2><span style=\"color: #0000ff;\">El evento virtual se desarrollar\u00e1 del 16 al 27 de noviembre de 5:00 p.m. a 8:00 p.m.<\/span><\/h2>\r\n<p><span style=\"color: #ffffff;\">.<\/span><\/p>\r\n\r\n<figure class=\"wp-block-gallery columns-1 is-cropped wp-block-gallery-1 is-layout-flex wp-block-gallery-is-layout-flex\">\r\n<ul class=\"blocks-gallery-grid\">\r\n<li class=\"blocks-gallery-item\">\r\n<figure><img decoding=\"async\" class=\"wp-image-11750\" src=\"http:\/\/ugelchucuito.edu.pe\/portal\/wp-content\/uploads\/2020\/10\/fechas-y-hora-del-tecnotic-2020-noviembre.jpg\" alt=\"\" data-id=\"11750\" data-full-url=\"http:\/\/ugelchucuito.edu.pe\/portal\/wp-content\/uploads\/2020\/10\/fechas-y-hora-del-tecnotic-2020-noviembre.jpg\" data-link=\"http:\/\/ugelchucuito.edu.pe\/portal\/conferencias-virtuales-tecnotic-2020-tecnologias-innovadores-para-la-educacion-iii\/fechas-y-hora-del-tecnotic-2020-noviembre\/\" \/><\/figure>\r\n<\/li>\r\n<\/ul>\r\n<\/figure>\r\n\r\n\r\n\r\n<div class=\"wp-block-file\"><a href=\"http:\/\/ugelchucuito.edu.pe\/portal\/wp-content\/uploads\/2020\/10\/OFICIO_MULTIPLE-00014-2020-MINEDU-SPE-OTIC.pdf\">OFICIO_MULTIPLE-00014-2020-MINEDU-SPE-OTIC<\/a><a class=\"wp-block-file__button\" href=\"http:\/\/ugelchucuito.edu.pe\/portal\/wp-content\/uploads\/2020\/10\/OFICIO_MULTIPLE-00014-2020-MINEDU-SPE-OTIC.pdf\" download=\"\">Descarga<\/a><\/div>\r\n\r\n\r\n\r\n<p>&nbsp;<\/p>\r\n","protected":false},"excerpt":{"rendered":"<p>Es un evento virtual organizado por la OTIC-MINEDU, dirigido a los L\u00edderes Especialistas de Tecnolog\u00edas Educativas de las DRE, UGEL, AT, DAIP, DCRT, CIST y Docentes de aula con conocimiento b\u00e1sicos en TIC. Con la finalidad de fortalecer los conocimientos tecnol\u00f3gicos y el uso de los recursos TIC de las IIEE. La inscripci\u00f3n son hasta [&hellip;]<\/p>\n","protected":false},"author":1,"featured_media":0,"comment_status":"open","ping_status":"open","sticky":false,"template":"","format":"standard","meta":{"footnotes":""},"categories":[],"tags":[],"class_list":["post-11747","post","type-post","status-publish","format-standard","hentry"],"_links":{"self":[{"href":"https:\/\/ugelchucuito.edu.pe\/portal\/wp-json\/wp\/v2\/posts\/11747","targetHints":{"allow":["GET"]}}],"collection":[{"href":"https:\/\/ugelchucuito.edu.pe\/portal\/wp-json\/wp\/v2\/posts"}],"about":[{"href":"https:\/\/ugelchucuito.edu.pe\/portal\/wp-json\/wp\/v2\/types\/post"}],"author":[{"embeddable":true,"href":"https:\/\/ugelchucuito.edu.pe\/portal\/wp-json\/wp\/v2\/users\/1"}],"replies":[{"embeddable":true,"href":"https:\/\/ugelchucuito.edu.pe\/portal\/wp-json\/wp\/v2\/comments?post=11747"}],"version-history":[{"count":7,"href":"https:\/\/ugelchucuito.edu.pe\/portal\/wp-json\/wp\/v2\/posts\/11747\/revisions"}],"predecessor-version":[{"id":11758,"href":"https:\/\/ugelchucuito.edu.pe\/portal\/wp-json\/wp\/v2\/posts\/11747\/revisions\/11758"}],"wp:attachment":[{"href":"https:\/\/ugelchucuito.edu.pe\/portal\/wp-json\/wp\/v2\/media?parent=11747"}],"wp:term":[{"taxonomy":"category","embeddable":true,"href":"https:\/\/ugelchucuito.edu.pe\/portal\/wp-json\/wp\/v2\/categories?post=11747"},{"taxonomy":"post_tag","embeddable":true,"href":"https:\/\/ugelchucuito.edu.pe\/portal\/wp-json\/wp\/v2\/tags?post=11747"}],"curies":[{"name":"wp","href":"https:\/\/api.w.org\/{rel}","templated":true}]}}