{"id":1183,"date":"2017-11-13T09:27:26","date_gmt":"2017-11-13T14:27:26","guid":{"rendered":"http:\/\/ugelchucuito.edu.pe\/portal\/?p=1183"},"modified":"2017-11-13T15:32:27","modified_gmt":"2017-11-13T20:32:27","slug":"comunicado-relacion-de-aprobados-del-curso-taller-para-administrativos-de-la-ugel-chucuito-juli","status":"publish","type":"post","link":"https:\/\/ugelchucuito.edu.pe\/portal\/2017\/11\/13\/comunicado-relacion-de-aprobados-del-curso-taller-para-administrativos-de-la-ugel-chucuito-juli\/","title":{"rendered":"COMUNICADO \u2013 RELACI\u00d3N DE APROBADOS Y ASISTENTES DEL CURSO TALLER PARA ADMINISTRATIVOS DE LA UGEL CHUCUITO \u2013 JULI"},"content":{"rendered":"<ol>\n<li><a href=\"http:\/\/ugelchucuito.edu.pe\/portal\/wp-content\/uploads\/2017\/11\/RELACION.pdf\">RELACI\u00d3N DE APROBADOS<\/a><\/li>\n<li><a href=\"http:\/\/ugelchucuito.edu.pe\/portal\/wp-content\/uploads\/2017\/11\/RELACION-ASISTENTES.pdf\">RELACI\u00d3N ASISTENTES<\/a><\/li>\n<\/ol>\n<p style=\"text-align: center\"><span style=\"font-size: 26px;color: #3366ff\"><strong><u>COMUNICADO<\/u><\/strong><\/span><\/p>\n<p style=\"text-align: center\"><span style=\"color: #3366ff\"><strong>ENTREGA DE CERTIFICADOS DEL CURSO TALLER DE CAPACITACI\u00d3N PARA TRABAJADORES ADMINISTRATIVOS DE LA UNIDAD DE GESTI\u00d3N EDUCATIVA LOCAL CHUCUITO \u2013 JULI<\/strong><\/span><\/p>\n<p style=\"text-align: center\"><span style=\"color: #3366ff\"><strong>\u00a0<\/strong><\/span><\/p>\n<p><span style=\"color: #000080\"><strong>La Oficina de Personal de la Unidad de Gesti\u00f3n Educativa Local Chucuito Juli, comunica al personal administrativo que particip\u00f3 del Curso Taller de Capacitaci\u00f3n dirigido a los \u00a0Trabajadores Administrativos realizado los d\u00edas 17 y 18 de agosto del 2017 (I ETAPA \u2013 Presencial); y en su (II ETAPA \u2013 Virtual) realizado del 21 de Agosto al 08 de Octubre del 2017. Previa verificaci\u00f3n del <\/strong><strong>Aplicativo de Autoayuda para el Sistema de Administraci\u00f3n y Control de Plazas \u2013 Nexus <\/strong><strong>y la base de datos de inscripci\u00f3n v\u00eda web de la p\u00e1gina de la UGEL Chucuito Juli, se est\u00e1n encontrando inconsistencias en los nombres y DNIs de algunos participantes, por lo que se sugiere a los participantes puedan revisar los datos llenados en dicha base, para que de esta manera no tengan ning\u00fan problema en la entrega de certificados.<\/strong><\/span><\/p>\n<p><span style=\"color: #000080\"><strong>Nota: Cualquier solicitud de correcci\u00f3n de datos se est\u00e1 recepcionando al correo electr\u00f3nico: <\/strong><a href=\"mailto:abg.ronaldnunez@gmail.com\"><strong>abg.ronaldnunez<\/strong><strong>@gmail.com<\/strong><\/a><strong> hasta el viernes 17 de Noviembre del 2017.<\/strong><\/span><\/p>\n<p><span style=\"color: #000080\"><strong>\u00a0\u00a0\u00a0\u00a0\u00a0\u00a0\u00a0\u00a0\u00a0\u00a0\u00a0\u00a0\u00a0\u00a0\u00a0\u00a0\u00a0\u00a0\u00a0\u00a0\u00a0\u00a0\u00a0\u00a0\u00a0\u00a0\u00a0\u00a0\u00a0\u00a0\u00a0\u00a0\u00a0 Atte,<\/strong><\/span><\/p>\n<p><span style=\"color: #000080\"><strong>La Comisi\u00f3n.<\/strong><\/span><\/p>\n","protected":false},"excerpt":{"rendered":"<p>RELACI\u00d3N DE APROBADOS RELACI\u00d3N ASISTENTES COMUNICADO ENTREGA DE CERTIFICADOS DEL CURSO TALLER DE CAPACITACI\u00d3N PARA TRABAJADORES ADMINISTRATIVOS DE LA UNIDAD DE GESTI\u00d3N EDUCATIVA LOCAL CHUCUITO \u2013 JULI \u00a0 La Oficina de Personal de la Unidad de Gesti\u00f3n Educativa Local Chucuito Juli, comunica al personal administrativo que particip\u00f3 del Curso Taller de Capacitaci\u00f3n dirigido a los [&hellip;]<\/p>\n","protected":false},"author":1,"featured_media":0,"comment_status":"closed","ping_status":"closed","sticky":false,"template":"","format":"standard","meta":{"footnotes":""},"categories":[],"tags":[],"class_list":["post-1183","post","type-post","status-publish","format-standard","hentry"],"_links":{"self":[{"href":"https:\/\/ugelchucuito.edu.pe\/portal\/wp-json\/wp\/v2\/posts\/1183","targetHints":{"allow":["GET"]}}],"collection":[{"href":"https:\/\/ugelchucuito.edu.pe\/portal\/wp-json\/wp\/v2\/posts"}],"about":[{"href":"https:\/\/ugelchucuito.edu.pe\/portal\/wp-json\/wp\/v2\/types\/post"}],"author":[{"embeddable":true,"href":"https:\/\/ugelchucuito.edu.pe\/portal\/wp-json\/wp\/v2\/users\/1"}],"replies":[{"embeddable":true,"href":"https:\/\/ugelchucuito.edu.pe\/portal\/wp-json\/wp\/v2\/comments?post=1183"}],"version-history":[{"count":7,"href":"https:\/\/ugelchucuito.edu.pe\/portal\/wp-json\/wp\/v2\/posts\/1183\/revisions"}],"predecessor-version":[{"id":1198,"href":"https:\/\/ugelchucuito.edu.pe\/portal\/wp-json\/wp\/v2\/posts\/1183\/revisions\/1198"}],"wp:attachment":[{"href":"https:\/\/ugelchucuito.edu.pe\/portal\/wp-json\/wp\/v2\/media?parent=1183"}],"wp:term":[{"taxonomy":"category","embeddable":true,"href":"https:\/\/ugelchucuito.edu.pe\/portal\/wp-json\/wp\/v2\/categories?post=1183"},{"taxonomy":"post_tag","embeddable":true,"href":"https:\/\/ugelchucuito.edu.pe\/portal\/wp-json\/wp\/v2\/tags?post=1183"}],"curies":[{"name":"wp","href":"https:\/\/api.w.org\/{rel}","templated":true}]}}