{"id":11957,"date":"2020-11-17T14:28:23","date_gmt":"2020-11-17T19:28:23","guid":{"rendered":"http:\/\/ugelchucuito.edu.pe\/portal\/?p=11957"},"modified":"2020-11-17T14:28:25","modified_gmt":"2020-11-17T19:28:25","slug":"plan-de-soporte-socioemocional-de-la-region-charlas-informativas-de-orientacion-vocacional-e-informacion-ocupacional","status":"publish","type":"post","link":"https:\/\/ugelchucuito.edu.pe\/portal\/2020\/11\/17\/plan-de-soporte-socioemocional-de-la-region-charlas-informativas-de-orientacion-vocacional-e-informacion-ocupacional\/","title":{"rendered":"PLAN DE SOPORTE SOCIOEMOCIONAL DE LA REGI\u00d3N.Charlas Informativas de Orientaci\u00f3n Vocacional e Informaci\u00f3n Ocupacional."},"content":{"rendered":"\n<p>invitaci\u00f3n a la Comunidad Educativa de la Regi\u00f3n, en especial a los estudiantes de la Ugel Chucuito \u2013 Juli, a participar de las <strong>Charlas Informativas de Orientaci\u00f3n Vocacional e Informaci\u00f3n Ocupacional.<\/strong><\/p>\n\n\n\n<p>La misma que est\u00e1 orientada a que los alumnos del 4to y 5to grado de secundaria,<\/p>\n\n\n\n<p>Las charlas se desarrollar\u00e1n los d\u00edas <strong>12, 19 y 26<\/strong> de noviembre<\/p>\n\n\n\n<p>A partir de las 10:00 a.m. a 11:00 a.m. y transmitidos a trav\u00e9s del siguiente Facebook:&nbsp;<a href=\"https:\/\/www.facebook.com\/Soporte-Emocional-Drep-110217777553536\" target=\"_blank\" rel=\"noreferrer noopener\">https:\/\/www.facebook.com\/Soporte-Emocional-Drep-110217777553536<\/a><\/p>\n","protected":false},"excerpt":{"rendered":"<p>invitaci\u00f3n a la Comunidad Educativa de la Regi\u00f3n, en especial a los estudiantes de la Ugel Chucuito \u2013 Juli, a participar de las Charlas Informativas de Orientaci\u00f3n Vocacional e Informaci\u00f3n Ocupacional. La misma que est\u00e1 orientada a que los alumnos del 4to y 5to grado de secundaria, Las charlas se desarrollar\u00e1n los d\u00edas 12, 19 [&hellip;]<\/p>\n","protected":false},"author":212,"featured_media":0,"comment_status":"open","ping_status":"open","sticky":false,"template":"","format":"standard","meta":{"footnotes":""},"categories":[],"tags":[],"class_list":["post-11957","post","type-post","status-publish","format-standard","hentry"],"_links":{"self":[{"href":"https:\/\/ugelchucuito.edu.pe\/portal\/wp-json\/wp\/v2\/posts\/11957","targetHints":{"allow":["GET"]}}],"collection":[{"href":"https:\/\/ugelchucuito.edu.pe\/portal\/wp-json\/wp\/v2\/posts"}],"about":[{"href":"https:\/\/ugelchucuito.edu.pe\/portal\/wp-json\/wp\/v2\/types\/post"}],"author":[{"embeddable":true,"href":"https:\/\/ugelchucuito.edu.pe\/portal\/wp-json\/wp\/v2\/users\/212"}],"replies":[{"embeddable":true,"href":"https:\/\/ugelchucuito.edu.pe\/portal\/wp-json\/wp\/v2\/comments?post=11957"}],"version-history":[{"count":1,"href":"https:\/\/ugelchucuito.edu.pe\/portal\/wp-json\/wp\/v2\/posts\/11957\/revisions"}],"predecessor-version":[{"id":11959,"href":"https:\/\/ugelchucuito.edu.pe\/portal\/wp-json\/wp\/v2\/posts\/11957\/revisions\/11959"}],"wp:attachment":[{"href":"https:\/\/ugelchucuito.edu.pe\/portal\/wp-json\/wp\/v2\/media?parent=11957"}],"wp:term":[{"taxonomy":"category","embeddable":true,"href":"https:\/\/ugelchucuito.edu.pe\/portal\/wp-json\/wp\/v2\/categories?post=11957"},{"taxonomy":"post_tag","embeddable":true,"href":"https:\/\/ugelchucuito.edu.pe\/portal\/wp-json\/wp\/v2\/tags?post=11957"}],"curies":[{"name":"wp","href":"https:\/\/api.w.org\/{rel}","templated":true}]}}