{"id":12693,"date":"2021-02-03T12:01:37","date_gmt":"2021-02-03T17:01:37","guid":{"rendered":"http:\/\/ugelchucuito.edu.pe\/portal\/?p=12693"},"modified":"2021-02-03T20:02:57","modified_gmt":"2021-02-04T01:02:57","slug":"comunicado-importante-y-reporte-de-plazas-vacantes-contrato-docente-2021-fase-3","status":"publish","type":"post","link":"https:\/\/ugelchucuito.edu.pe\/portal\/2021\/02\/03\/comunicado-importante-y-reporte-de-plazas-vacantes-contrato-docente-2021-fase-3\/","title":{"rendered":"COMUNICADO IMPORTANTE Y REPORTE DE PLAZAS VACANTES. CONTRATO DOCENTE 2021. Fase 3"},"content":{"rendered":"\n<div class=\"wp-block-file\"><a href=\"http:\/\/ugelchucuito.edu.pe\/portal\/wp-content\/uploads\/2021\/02\/PLAZAS-VACANTES-CONTRATO-DOCENTES-2021-FASE-3.pdf\" target=\"_blank\" rel=\"noreferrer noopener\"><strong><span class=\"has-inline-color has-vivid-cyan-blue-color\">&#8211; VER REPORTE DE PLAZAS VACANTES<\/span><\/strong><\/a><a href=\"http:\/\/ugelchucuito.edu.pe\/portal\/wp-content\/uploads\/2021\/02\/PLAZAS-VACANTES-CONTRATO-DOCENTES-2021-FASE-3.pdf\" class=\"wp-block-file__button\" download>Descarga<\/a><\/div>\n\n\n\n<div class=\"wp-block-file\"><a href=\"http:\/\/ugelchucuito.edu.pe\/portal\/wp-content\/uploads\/2021\/02\/PLAZAS-VACANTES-CONTRATO-DOCENTE-2021-BOLSA-DE-HRS.-FASE-3-.pdf\" target=\"_blank\" rel=\"noreferrer noopener\"><strong><span class=\"has-inline-color has-vivid-cyan-blue-color\">&#8211; VER REPORTE DE PLAZAS VACANTES (EDUC. SECUNDARIA BOLSA DE HRS.) FASE 3<\/span><\/strong><\/a><a href=\"http:\/\/ugelchucuito.edu.pe\/portal\/wp-content\/uploads\/2021\/02\/PLAZAS-VACANTES-CONTRATO-DOCENTE-2021-BOLSA-DE-HRS.-FASE-3-.pdf\" class=\"wp-block-file__button\" download>Descarga<\/a><\/div>\n\n\n\n<div class=\"wp-block-file\"><a href=\"http:\/\/ugelchucuito.edu.pe\/portal\/wp-content\/uploads\/2021\/02\/COMUNICADO-IMPORTANTE-Contrato-expediente-03-02-2021.pdf\" target=\"_blank\" rel=\"noreferrer noopener\"><strong><span class=\"has-inline-color has-vivid-cyan-blue-color\">&#8211; VER COMUNICADO IMPORTANTE 03-02-2021<\/span><\/strong><\/a><a href=\"http:\/\/ugelchucuito.edu.pe\/portal\/wp-content\/uploads\/2021\/02\/COMUNICADO-IMPORTANTE-Contrato-expediente-03-02-2021.pdf\" class=\"wp-block-file__button\" download>Descarga<\/a><\/div>\n\n\n\n<div class=\"wp-block-file\"><a href=\"http:\/\/ugelchucuito.edu.pe\/portal\/wp-content\/uploads\/2021\/02\/Cronograma-Contrato-Docente-2021.pdf\" target=\"_blank\" rel=\"noreferrer noopener\"><strong><span class=\"has-inline-color has-vivid-cyan-blue-color\">&#8211; VER CRONOGRAMA REGIONAL CONTRATACI\u00d3N DOCENTE 2021<\/span><\/strong><\/a><a href=\"http:\/\/ugelchucuito.edu.pe\/portal\/wp-content\/uploads\/2021\/02\/Cronograma-Contrato-Docente-2021.pdf\" class=\"wp-block-file__button\" download>Descarga<\/a><\/div>\n\n\n\n<p><span class=\"has-inline-color has-vivid-red-color\">NOTA: SEG\u00daN EL OFICIO MULT. N\u00b0 002-2021-GR-PUNO\/GRDS\/DREP-OAD-EAP, SE APRUEBA EL CRONOGRAMA REGIONAL DE CONTRATACI\u00d3N POR EVALUACI\u00d3N DE EXPEDIENTES PARA LOS DOCENTES DE EDUCACI\u00d3N T\u00c9CNICO PRODUCTIVA PARA EL A\u00d1O LECTIVO 2021. LA PUBLICACI\u00d3N EST\u00c1 EN EL ENLACE PUBLICADO EN LA P\u00c1GINA WEB DE LA UGEL CHUCUITO &#8211; JULI: <\/span><a href=\"http:\/\/ugelchucuito.edu.pe\/portal\/cronograma-regional-de-contratacion-por-evaluacion-de-expedientes-para-los-docentes-de-educacion-tecnico-productiva-para-el-ano-lectivo-2021\/\" target=\"_blank\" rel=\"noreferrer noopener\"><span class=\"has-inline-color has-vivid-cyan-blue-color\">http:\/\/ugelchucuito.edu.pe\/portal\/cronograma-regional-de-contratacion-por-evaluacion-de-expedientes-para-los-docentes-de-educacion-tecnico-productiva-para-el-ano-lectivo-2021\/<\/span><\/a><\/p>\n","protected":false},"excerpt":{"rendered":"<p>NOTA: SEG\u00daN EL OFICIO MULT. N\u00b0 002-2021-GR-PUNO\/GRDS\/DREP-OAD-EAP, SE APRUEBA EL CRONOGRAMA REGIONAL DE CONTRATACI\u00d3N POR EVALUACI\u00d3N DE EXPEDIENTES PARA LOS DOCENTES DE EDUCACI\u00d3N T\u00c9CNICO PRODUCTIVA PARA EL A\u00d1O LECTIVO 2021. LA PUBLICACI\u00d3N EST\u00c1 EN EL ENLACE PUBLICADO EN LA P\u00c1GINA WEB DE LA UGEL CHUCUITO &#8211; JULI: http:\/\/ugelchucuito.edu.pe\/portal\/cronograma-regional-de-contratacion-por-evaluacion-de-expedientes-para-los-docentes-de-educacion-tecnico-productiva-para-el-ano-lectivo-2021\/<\/p>\n","protected":false},"author":3,"featured_media":0,"comment_status":"open","ping_status":"open","sticky":false,"template":"","format":"standard","meta":{"footnotes":""},"categories":[],"tags":[],"class_list":["post-12693","post","type-post","status-publish","format-standard","hentry"],"_links":{"self":[{"href":"https:\/\/ugelchucuito.edu.pe\/portal\/wp-json\/wp\/v2\/posts\/12693","targetHints":{"allow":["GET"]}}],"collection":[{"href":"https:\/\/ugelchucuito.edu.pe\/portal\/wp-json\/wp\/v2\/posts"}],"about":[{"href":"https:\/\/ugelchucuito.edu.pe\/portal\/wp-json\/wp\/v2\/types\/post"}],"author":[{"embeddable":true,"href":"https:\/\/ugelchucuito.edu.pe\/portal\/wp-json\/wp\/v2\/users\/3"}],"replies":[{"embeddable":true,"href":"https:\/\/ugelchucuito.edu.pe\/portal\/wp-json\/wp\/v2\/comments?post=12693"}],"version-history":[{"count":4,"href":"https:\/\/ugelchucuito.edu.pe\/portal\/wp-json\/wp\/v2\/posts\/12693\/revisions"}],"predecessor-version":[{"id":12710,"href":"https:\/\/ugelchucuito.edu.pe\/portal\/wp-json\/wp\/v2\/posts\/12693\/revisions\/12710"}],"wp:attachment":[{"href":"https:\/\/ugelchucuito.edu.pe\/portal\/wp-json\/wp\/v2\/media?parent=12693"}],"wp:term":[{"taxonomy":"category","embeddable":true,"href":"https:\/\/ugelchucuito.edu.pe\/portal\/wp-json\/wp\/v2\/categories?post=12693"},{"taxonomy":"post_tag","embeddable":true,"href":"https:\/\/ugelchucuito.edu.pe\/portal\/wp-json\/wp\/v2\/tags?post=12693"}],"curies":[{"name":"wp","href":"https:\/\/api.w.org\/{rel}","templated":true}]}}