{"id":12735,"date":"2021-02-05T13:55:34","date_gmt":"2021-02-05T18:55:34","guid":{"rendered":"http:\/\/ugelchucuito.edu.pe\/portal\/?p=12735"},"modified":"2021-02-05T13:55:37","modified_gmt":"2021-02-05T18:55:37","slug":"reporte-de-plazas-vacantes-contratacion-por-evaluacion-de-expedientes-para-los-docentes-de-educacion-tecnico-productiva-para-el-ano-lectivo-2021","status":"publish","type":"post","link":"https:\/\/ugelchucuito.edu.pe\/portal\/2021\/02\/05\/reporte-de-plazas-vacantes-contratacion-por-evaluacion-de-expedientes-para-los-docentes-de-educacion-tecnico-productiva-para-el-ano-lectivo-2021\/","title":{"rendered":"REPORTE DE PLAZAS VACANTES: CONTRATACI\u00d3N POR EVALUACI\u00d3N DE EXPEDIENTES PARA LOS DOCENTES DE EDUCACI\u00d3N T\u00c9CNICO PRODUCTIVA PARA EL A\u00d1O LECTIVO 2021."},"content":{"rendered":"\n<div class=\"wp-block-file\"><a href=\"http:\/\/ugelchucuito.edu.pe\/portal\/wp-content\/uploads\/2021\/02\/PLAZAS-VACANTES-CETPROS-CONTRATO-DOCENTES-2021.pdf\" target=\"_blank\" rel=\"noreferrer noopener\"><strong><span class=\"has-inline-color has-vivid-cyan-blue-color\">&#8211; VER REPORTE DE PLAZAS VACANTES<\/span><\/strong><\/a><a href=\"http:\/\/ugelchucuito.edu.pe\/portal\/wp-content\/uploads\/2021\/02\/PLAZAS-VACANTES-CETPROS-CONTRATO-DOCENTES-2021.pdf\" class=\"wp-block-file__button\" download>Descarga<\/a><\/div>\n","protected":false},"excerpt":{"rendered":"","protected":false},"author":3,"featured_media":0,"comment_status":"open","ping_status":"open","sticky":false,"template":"","format":"standard","meta":{"footnotes":""},"categories":[],"tags":[],"class_list":["post-12735","post","type-post","status-publish","format-standard","hentry"],"_links":{"self":[{"href":"https:\/\/ugelchucuito.edu.pe\/portal\/wp-json\/wp\/v2\/posts\/12735","targetHints":{"allow":["GET"]}}],"collection":[{"href":"https:\/\/ugelchucuito.edu.pe\/portal\/wp-json\/wp\/v2\/posts"}],"about":[{"href":"https:\/\/ugelchucuito.edu.pe\/portal\/wp-json\/wp\/v2\/types\/post"}],"author":[{"embeddable":true,"href":"https:\/\/ugelchucuito.edu.pe\/portal\/wp-json\/wp\/v2\/users\/3"}],"replies":[{"embeddable":true,"href":"https:\/\/ugelchucuito.edu.pe\/portal\/wp-json\/wp\/v2\/comments?post=12735"}],"version-history":[{"count":1,"href":"https:\/\/ugelchucuito.edu.pe\/portal\/wp-json\/wp\/v2\/posts\/12735\/revisions"}],"predecessor-version":[{"id":12737,"href":"https:\/\/ugelchucuito.edu.pe\/portal\/wp-json\/wp\/v2\/posts\/12735\/revisions\/12737"}],"wp:attachment":[{"href":"https:\/\/ugelchucuito.edu.pe\/portal\/wp-json\/wp\/v2\/media?parent=12735"}],"wp:term":[{"taxonomy":"category","embeddable":true,"href":"https:\/\/ugelchucuito.edu.pe\/portal\/wp-json\/wp\/v2\/categories?post=12735"},{"taxonomy":"post_tag","embeddable":true,"href":"https:\/\/ugelchucuito.edu.pe\/portal\/wp-json\/wp\/v2\/tags?post=12735"}],"curies":[{"name":"wp","href":"https:\/\/api.w.org\/{rel}","templated":true}]}}