{"id":12818,"date":"2021-02-13T08:55:02","date_gmt":"2021-02-13T13:55:02","guid":{"rendered":"http:\/\/ugelchucuito.edu.pe\/portal\/?p=12818"},"modified":"2021-02-13T08:57:45","modified_gmt":"2021-02-13T13:57:45","slug":"charla-informativa-para-postular-al-coar-2021","status":"publish","type":"post","link":"https:\/\/ugelchucuito.edu.pe\/portal\/2021\/02\/13\/charla-informativa-para-postular-al-coar-2021\/","title":{"rendered":"Jueves 18 de febrero 10 am. Charla informativa para postular al COAR 2021"},"content":{"rendered":"\n<p>Estimados estudiantes, padres de familia, profesores y directivos del \u00e1mbito de la UGEL Chucuito, este<strong><span class=\"has-inline-color has-vivid-red-color\"> jueves 18 de febrero a las 10:00 a.m. <\/span><\/strong>se realizar\u00e1 una charla informativa sobre el proceso \u00fanico de admisi\u00f3n a los COAR correspondiendo al a\u00f1o 2021.<\/p>\n\n\n\n<p>Los esperamos en el siguiente enlace <\/p>\n\n\n\n<p><a href=\"http:\/\/meet.google.com\/fip-xfmh-eot\"><strong><span class=\"has-inline-color has-vivid-cyan-blue-color\">meet.google.com\/fip-xfmh-eot<\/span><\/strong><\/a><br><\/p>\n\n\n\n<p>Asista para que pueda recibir toda la informaci\u00f3n necesaria para ser parte de este proceso.<\/p>\n","protected":false},"excerpt":{"rendered":"<p>Estimados estudiantes, padres de familia, profesores y directivos del \u00e1mbito de la UGEL Chucuito, este jueves 18 de febrero a las 10:00 a.m. se realizar\u00e1 una charla informativa sobre el proceso \u00fanico de admisi\u00f3n a los COAR correspondiendo al a\u00f1o 2021. Los esperamos en el siguiente enlace meet.google.com\/fip-xfmh-eot Asista para que pueda recibir toda la [&hellip;]<\/p>\n","protected":false},"author":2,"featured_media":0,"comment_status":"open","ping_status":"open","sticky":false,"template":"","format":"standard","meta":{"footnotes":""},"categories":[],"tags":[],"class_list":["post-12818","post","type-post","status-publish","format-standard","hentry"],"_links":{"self":[{"href":"https:\/\/ugelchucuito.edu.pe\/portal\/wp-json\/wp\/v2\/posts\/12818","targetHints":{"allow":["GET"]}}],"collection":[{"href":"https:\/\/ugelchucuito.edu.pe\/portal\/wp-json\/wp\/v2\/posts"}],"about":[{"href":"https:\/\/ugelchucuito.edu.pe\/portal\/wp-json\/wp\/v2\/types\/post"}],"author":[{"embeddable":true,"href":"https:\/\/ugelchucuito.edu.pe\/portal\/wp-json\/wp\/v2\/users\/2"}],"replies":[{"embeddable":true,"href":"https:\/\/ugelchucuito.edu.pe\/portal\/wp-json\/wp\/v2\/comments?post=12818"}],"version-history":[{"count":3,"href":"https:\/\/ugelchucuito.edu.pe\/portal\/wp-json\/wp\/v2\/posts\/12818\/revisions"}],"predecessor-version":[{"id":12822,"href":"https:\/\/ugelchucuito.edu.pe\/portal\/wp-json\/wp\/v2\/posts\/12818\/revisions\/12822"}],"wp:attachment":[{"href":"https:\/\/ugelchucuito.edu.pe\/portal\/wp-json\/wp\/v2\/media?parent=12818"}],"wp:term":[{"taxonomy":"category","embeddable":true,"href":"https:\/\/ugelchucuito.edu.pe\/portal\/wp-json\/wp\/v2\/categories?post=12818"},{"taxonomy":"post_tag","embeddable":true,"href":"https:\/\/ugelchucuito.edu.pe\/portal\/wp-json\/wp\/v2\/tags?post=12818"}],"curies":[{"name":"wp","href":"https:\/\/api.w.org\/{rel}","templated":true}]}}