{"id":12823,"date":"2021-02-13T20:07:56","date_gmt":"2021-02-14T01:07:56","guid":{"rendered":"http:\/\/ugelchucuito.edu.pe\/portal\/?p=12823"},"modified":"2021-02-13T23:30:05","modified_gmt":"2021-02-14T04:30:05","slug":"comunicado-absolucion-de-reclamos-contrato-de-docentes-por-evaluacion-de-expedientes","status":"publish","type":"post","link":"https:\/\/ugelchucuito.edu.pe\/portal\/2021\/02\/13\/comunicado-absolucion-de-reclamos-contrato-de-docentes-por-evaluacion-de-expedientes\/","title":{"rendered":"Comunicado: absoluci\u00f3n de reclamos, contrato de docentes por evaluaci\u00f3n de expedientes"},"content":{"rendered":"\n<p>Estimados postulantes a contrato de docentes por evaluaci\u00f3n de expedientes; se les comunica que la absoluci\u00f3n de reclamos se estar\u00e1 desarrollando el d\u00eda<strong> lunes 15 de febrero a partir de las 8:30 am a 1:30 pm,<\/strong> dada la delicada coyuntura en la que estamos por el COVID 19, vuestros reclamos se estar\u00e1n absolviendo mediante llamada directa a los n\u00fameros que ustedes han consignado en su FUT, para lo cual deber\u00e1n estar atentos a la llamada de la comisi\u00f3n para la absoluci\u00f3n personal, en el horario que se ha establecido.<\/p>\n\n\n\n<p>La comisi\u00f3n<\/p>\n","protected":false},"excerpt":{"rendered":"<p>Estimados postulantes a contrato de docentes por evaluaci\u00f3n de expedientes; se les comunica que la absoluci\u00f3n de reclamos se estar\u00e1 desarrollando el d\u00eda lunes 15 de febrero a partir de las 8:30 am a 1:30 pm, dada la delicada coyuntura en la que estamos por el COVID 19, vuestros reclamos se estar\u00e1n absolviendo mediante llamada [&hellip;]<\/p>\n","protected":false},"author":2,"featured_media":0,"comment_status":"open","ping_status":"open","sticky":false,"template":"","format":"standard","meta":{"footnotes":""},"categories":[],"tags":[],"class_list":["post-12823","post","type-post","status-publish","format-standard","hentry"],"_links":{"self":[{"href":"https:\/\/ugelchucuito.edu.pe\/portal\/wp-json\/wp\/v2\/posts\/12823","targetHints":{"allow":["GET"]}}],"collection":[{"href":"https:\/\/ugelchucuito.edu.pe\/portal\/wp-json\/wp\/v2\/posts"}],"about":[{"href":"https:\/\/ugelchucuito.edu.pe\/portal\/wp-json\/wp\/v2\/types\/post"}],"author":[{"embeddable":true,"href":"https:\/\/ugelchucuito.edu.pe\/portal\/wp-json\/wp\/v2\/users\/2"}],"replies":[{"embeddable":true,"href":"https:\/\/ugelchucuito.edu.pe\/portal\/wp-json\/wp\/v2\/comments?post=12823"}],"version-history":[{"count":1,"href":"https:\/\/ugelchucuito.edu.pe\/portal\/wp-json\/wp\/v2\/posts\/12823\/revisions"}],"predecessor-version":[{"id":12824,"href":"https:\/\/ugelchucuito.edu.pe\/portal\/wp-json\/wp\/v2\/posts\/12823\/revisions\/12824"}],"wp:attachment":[{"href":"https:\/\/ugelchucuito.edu.pe\/portal\/wp-json\/wp\/v2\/media?parent=12823"}],"wp:term":[{"taxonomy":"category","embeddable":true,"href":"https:\/\/ugelchucuito.edu.pe\/portal\/wp-json\/wp\/v2\/categories?post=12823"},{"taxonomy":"post_tag","embeddable":true,"href":"https:\/\/ugelchucuito.edu.pe\/portal\/wp-json\/wp\/v2\/tags?post=12823"}],"curies":[{"name":"wp","href":"https:\/\/api.w.org\/{rel}","templated":true}]}}