{"id":12842,"date":"2021-02-15T20:57:42","date_gmt":"2021-02-16T01:57:42","guid":{"rendered":"http:\/\/ugelchucuito.edu.pe\/portal\/?p=12842"},"modified":"2021-02-15T21:00:32","modified_gmt":"2021-02-16T02:00:32","slug":"cronograma-de-absolucion-de-reclamos-a-la-evaluacion-de-hoja-de-vida-convocatoria-contrato-administrativo-de-servicios-cas-para-el-fortalecimiento-de-la-gestion-administrativa-e-institucional-2021","status":"publish","type":"post","link":"https:\/\/ugelchucuito.edu.pe\/portal\/2021\/02\/15\/cronograma-de-absolucion-de-reclamos-a-la-evaluacion-de-hoja-de-vida-convocatoria-contrato-administrativo-de-servicios-cas-para-el-fortalecimiento-de-la-gestion-administrativa-e-institucional-2021\/","title":{"rendered":"CRONOGRAMA DE ABSOLUCI\u00d3N DE RECLAMOS A LA EVALUACI\u00d3N DE HOJA DE VIDA. CONVOCATORIA: CONTRATO ADMINISTRATIVO DE SERVICIOS (CAS) PARA EL FORTALECIMIENTO DE LA GESTI\u00d3N ADMINISTRATIVA E INSTITUCIONAL 2021, PARA LA SEDE SEG\u00daN R.VM. N\u00b0 009-2021-MINEDU"},"content":{"rendered":"\n<div class=\"wp-block-file\"><a href=\"http:\/\/ugelchucuito.edu.pe\/portal\/wp-content\/uploads\/2021\/02\/CRONOGRAMA_ABSOL_RECLAMOS_CAS-SEDE-UGEL-CHUCUITO-JULI_especialistas-FEBRERO-16-02-2021.pdf\" target=\"_blank\" rel=\"noreferrer noopener\"><strong><span class=\"has-inline-color has-vivid-cyan-blue-color\">&#8211; VER CRONOGRAMA<\/span><\/strong><\/a><a href=\"http:\/\/ugelchucuito.edu.pe\/portal\/wp-content\/uploads\/2021\/02\/CRONOGRAMA_ABSOL_RECLAMOS_CAS-SEDE-UGEL-CHUCUITO-JULI_especialistas-FEBRERO-16-02-2021.pdf\" class=\"wp-block-file__button\" download>Descarga<\/a><\/div>\n\n\n\n<p><strong><span class=\"has-inline-color has-vivid-red-color\">PROCESO DE ABSOLUCI\u00d3N DE RECLAMOS VIRTUAL:\u00a0<\/span><\/strong><\/p>\n\n\n\n<ul class=\"wp-block-list\"><li><span class=\"has-inline-color has-vivid-red-color\"><strong>Plataforma virtual\u00a0\u00a0 \u00a0 \u00a0 : ZOOM\u00a0<\/strong><\/span><\/li><li><span class=\"has-inline-color has-vivid-red-color\"><strong>Fecha\u00a0\u00a0 \u00a0 \u00a0 \u00a0 \u00a0 \u00a0 \u00a0 \u00a0 \u00a0 \u00a0 \u00a0 \u00a0 \u00a0 \u00a0 \u00a0: Martes 16 de febrero del 2021.\u00a0<\/strong><\/span><\/li><li><span class=\"has-inline-color has-vivid-red-color\"><strong>Hora\u00a0 \u00a0 \u00a0 \u00a0 \u00a0 \u00a0 \u00a0 \u00a0 \u00a0 \u00a0 \u00a0 \u00a0 \u00a0 \u00a0 \u00a0 \u00a0: Desde las 09:00 am (seg\u00fan cronograma).\u00a0<br><\/strong><br><strong>Importante:<\/strong>\u00a0Para ingresar a la sala virtual, deber\u00e1 poner su nombre completo, se dar\u00e1 inicio a la hora exacta, prever tener una buena conexi\u00f3n a internet, mostrar su DNI, tener encendido el micr\u00f3fono y la c\u00e1mara.<\/span><\/li><\/ul>\n\n\n\n<p><span class=\"has-inline-color has-vivid-red-color\"><strong>Enlace para la participaci\u00f3n en la sala de absoluci\u00f3n de reclamos:<\/strong>\u00a0<\/span><\/p>\n\n\n\n<p><a href=\"https:\/\/zoom.us\/j\/94580565492?pwd=ZUhhSTJ2cU1Cd3NMRnY4ZStKN0E0UT09\"><span class=\"has-inline-color has-vivid-cyan-blue-color\">https:\/\/zoom.us\/j\/94580565492?pwd=ZUhhSTJ2cU1Cd3NMRnY4ZStKN0E0UT09<\/span><\/a><\/p>\n\n\n\n<p><strong><span class=\"has-inline-color has-vivid-cyan-blue-color\">ID de reuni\u00f3n\u00a0\u00a0\u00a0\u00a0\u00a0\u00a0\u00a0\u00a0\u00a0\u00a0\u00a0\u00a0\u00a0\u00a0\u00a0\u00a0\u00a0\u00a0 : \u00a0945 8056 5492\u00a0<\/span><\/strong><\/p>\n\n\n\n<p><strong><span class=\"has-inline-color has-vivid-cyan-blue-color\">C\u00f3digo de acceso\u00a0\u00a0\u00a0\u00a0\u00a0\u00a0\u00a0\u00a0\u00a0\u00a0\u00a0\u00a0 : 227323\u00a0<\/span><\/strong><\/p>\n\n\n\n<p><strong><span class=\"has-inline-color has-vivid-red-color\">Juli, 15 de febrero del 2021<\/span><\/strong><\/p>\n\n\n\n<p><strong><span class=\"has-inline-color has-vivid-red-color\">EL COMIT\u00c9<\/span><\/strong><\/p>\n","protected":false},"excerpt":{"rendered":"<p>PROCESO DE ABSOLUCI\u00d3N DE RECLAMOS VIRTUAL:\u00a0 Plataforma virtual\u00a0\u00a0 \u00a0 \u00a0 : ZOOM\u00a0 Fecha\u00a0\u00a0 \u00a0 \u00a0 \u00a0 \u00a0 \u00a0 \u00a0 \u00a0 \u00a0 \u00a0 \u00a0 \u00a0 \u00a0 \u00a0 \u00a0: Martes 16 de febrero del 2021.\u00a0 Hora\u00a0 \u00a0 \u00a0 \u00a0 \u00a0 \u00a0 \u00a0 \u00a0 \u00a0 \u00a0 \u00a0 \u00a0 \u00a0 \u00a0 \u00a0 \u00a0: Desde las 09:00 am (seg\u00fan cronograma).\u00a0Importante:\u00a0Para [&hellip;]<\/p>\n","protected":false},"author":3,"featured_media":0,"comment_status":"open","ping_status":"open","sticky":false,"template":"","format":"standard","meta":{"footnotes":""},"categories":[],"tags":[],"class_list":["post-12842","post","type-post","status-publish","format-standard","hentry"],"_links":{"self":[{"href":"https:\/\/ugelchucuito.edu.pe\/portal\/wp-json\/wp\/v2\/posts\/12842","targetHints":{"allow":["GET"]}}],"collection":[{"href":"https:\/\/ugelchucuito.edu.pe\/portal\/wp-json\/wp\/v2\/posts"}],"about":[{"href":"https:\/\/ugelchucuito.edu.pe\/portal\/wp-json\/wp\/v2\/types\/post"}],"author":[{"embeddable":true,"href":"https:\/\/ugelchucuito.edu.pe\/portal\/wp-json\/wp\/v2\/users\/3"}],"replies":[{"embeddable":true,"href":"https:\/\/ugelchucuito.edu.pe\/portal\/wp-json\/wp\/v2\/comments?post=12842"}],"version-history":[{"count":2,"href":"https:\/\/ugelchucuito.edu.pe\/portal\/wp-json\/wp\/v2\/posts\/12842\/revisions"}],"predecessor-version":[{"id":12845,"href":"https:\/\/ugelchucuito.edu.pe\/portal\/wp-json\/wp\/v2\/posts\/12842\/revisions\/12845"}],"wp:attachment":[{"href":"https:\/\/ugelchucuito.edu.pe\/portal\/wp-json\/wp\/v2\/media?parent=12842"}],"wp:term":[{"taxonomy":"category","embeddable":true,"href":"https:\/\/ugelchucuito.edu.pe\/portal\/wp-json\/wp\/v2\/categories?post=12842"},{"taxonomy":"post_tag","embeddable":true,"href":"https:\/\/ugelchucuito.edu.pe\/portal\/wp-json\/wp\/v2\/tags?post=12842"}],"curies":[{"name":"wp","href":"https:\/\/api.w.org\/{rel}","templated":true}]}}