{"id":13052,"date":"2021-02-24T19:34:32","date_gmt":"2021-02-25T00:34:32","guid":{"rendered":"http:\/\/ugelchucuito.edu.pe\/portal\/?p=13052"},"modified":"2021-02-24T19:37:05","modified_gmt":"2021-02-25T00:37:05","slug":"absolucion-de-reclamos-a-la-evaluacion-de-hoja-de-vida-ii-convocatoria-contrato-administrativo-de-servicios-cas-para-el-fortalecimiento-de-la-gestion-administrativa-e-institucional-2021-para-la-s","status":"publish","type":"post","link":"https:\/\/ugelchucuito.edu.pe\/portal\/2021\/02\/24\/absolucion-de-reclamos-a-la-evaluacion-de-hoja-de-vida-ii-convocatoria-contrato-administrativo-de-servicios-cas-para-el-fortalecimiento-de-la-gestion-administrativa-e-institucional-2021-para-la-s\/","title":{"rendered":"ABSOLUCI\u00d3N DE RECLAMOS A LA EVALUACI\u00d3N DE HOJA DE VIDA. II CONVOCATORIA: CONTRATO ADMINISTRATIVO DE SERVICIOS (CAS) PARA EL FORTALECIMIENTO DE LA GESTI\u00d3N ADMINISTRATIVA E INSTITUCIONAL 2021, PARA LA SEDE SEG\u00daN R.VM. N\u00b0 009-2021-MINEDU (ESPECIALISTA EN ABASTECIMIENTO)"},"content":{"rendered":"\n<p><strong><span class=\"has-inline-color has-vivid-red-color\">PROCESO DE ABSOLUCI\u00d3N DE RECLAMOS VIRTUAL:\u00a0<\/span><\/strong><\/p>\n\n\n\n<ul class=\"wp-block-list\"><li><span class=\"has-inline-color has-vivid-red-color\"><strong>Plataforma virtual\u00a0\u00a0 \u00a0 \u00a0 : ZOOM\u00a0<\/strong><\/span><\/li><li><span class=\"has-inline-color has-vivid-red-color\"><strong>Fecha\u00a0\u00a0 \u00a0 \u00a0 \u00a0 \u00a0 \u00a0 \u00a0 \u00a0 \u00a0 \u00a0 \u00a0 \u00a0 \u00a0 \u00a0 \u00a0: Jueves 25 de febrero del 2021.\u00a0<\/strong><\/span><\/li><li><span class=\"has-inline-color has-vivid-red-color\"><strong>Hora\u00a0 \u00a0 \u00a0 \u00a0 \u00a0 \u00a0 \u00a0 \u00a0 \u00a0 \u00a0 \u00a0 \u00a0 \u00a0 \u00a0 \u00a0 \u00a0: 09:00 am (seg\u00fan Nro. de expediente de reclamo).\u00a0<br><\/strong><\/span><br><span class=\"has-inline-color has-vivid-red-color\"><strong>Importante:<\/strong>\u00a0Para ingresar a la sala virtual, deber\u00e1 poner su nombre completo, se dar\u00e1 inicio a la hora exacta, prever tener una buena conexi\u00f3n a internet, mostrar su DNI, tener encendido el micr\u00f3fono y la c\u00e1mara.<\/span><\/li><\/ul>\n\n\n\n<p><span class=\"has-inline-color has-vivid-red-color\"><strong>Enlace para la participaci\u00f3n en la sala de absoluci\u00f3n de reclamos:<\/strong>\u00a0<\/span><\/p>\n\n\n\n<p><a href=\"https:\/\/us02web.zoom.us\/j\/87555096441?pwd=QWRjUUUvTUVlL2t0anA0aVFtQnJSdz09\" target=\"_blank\" rel=\"noreferrer noopener\"><span class=\"has-inline-color has-vivid-cyan-blue-color\">https:\/\/us02web.zoom.us\/j\/87555096441?pwd=QWRjUUUvTUVlL2t0anA0aVFtQnJSdz09<\/span><\/a><\/p>\n\n\n\n<p><strong><span class=\"has-inline-color has-vivid-cyan-blue-color\">ID de reuni\u00f3n\u00a0\u00a0\u00a0\u00a0\u00a0\u00a0\u00a0\u00a0\u00a0\u00a0\u00a0\u00a0\u00a0\u00a0\u00a0\u00a0\u00a0\u00a0 : \u00a0875 5509 6441\u00a0<\/span><\/strong><\/p>\n\n\n\n<p><strong><span class=\"has-inline-color has-vivid-cyan-blue-color\">C\u00f3digo de acceso\u00a0\u00a0\u00a0\u00a0\u00a0\u00a0\u00a0\u00a0\u00a0\u00a0\u00a0\u00a0 : BywU6Z<\/span>\u00a0<\/strong><\/p>\n\n\n\n<p><strong><span class=\"has-inline-color has-vivid-red-color\">Juli, 24 de febrero del 2021<\/span><\/strong><\/p>\n\n\n\n<p><strong><span class=\"has-inline-color has-vivid-red-color\">EL COMIT\u00c9<\/span><\/strong><\/p>\n","protected":false},"excerpt":{"rendered":"<p>PROCESO DE ABSOLUCI\u00d3N DE RECLAMOS VIRTUAL:\u00a0 Plataforma virtual\u00a0\u00a0 \u00a0 \u00a0 : ZOOM\u00a0 Fecha\u00a0\u00a0 \u00a0 \u00a0 \u00a0 \u00a0 \u00a0 \u00a0 \u00a0 \u00a0 \u00a0 \u00a0 \u00a0 \u00a0 \u00a0 \u00a0: Jueves 25 de febrero del 2021.\u00a0 Hora\u00a0 \u00a0 \u00a0 \u00a0 \u00a0 \u00a0 \u00a0 \u00a0 \u00a0 \u00a0 \u00a0 \u00a0 \u00a0 \u00a0 \u00a0 \u00a0: 09:00 am (seg\u00fan Nro. de expediente [&hellip;]<\/p>\n","protected":false},"author":3,"featured_media":0,"comment_status":"open","ping_status":"open","sticky":false,"template":"","format":"standard","meta":{"footnotes":""},"categories":[],"tags":[],"class_list":["post-13052","post","type-post","status-publish","format-standard","hentry"],"_links":{"self":[{"href":"https:\/\/ugelchucuito.edu.pe\/portal\/wp-json\/wp\/v2\/posts\/13052","targetHints":{"allow":["GET"]}}],"collection":[{"href":"https:\/\/ugelchucuito.edu.pe\/portal\/wp-json\/wp\/v2\/posts"}],"about":[{"href":"https:\/\/ugelchucuito.edu.pe\/portal\/wp-json\/wp\/v2\/types\/post"}],"author":[{"embeddable":true,"href":"https:\/\/ugelchucuito.edu.pe\/portal\/wp-json\/wp\/v2\/users\/3"}],"replies":[{"embeddable":true,"href":"https:\/\/ugelchucuito.edu.pe\/portal\/wp-json\/wp\/v2\/comments?post=13052"}],"version-history":[{"count":3,"href":"https:\/\/ugelchucuito.edu.pe\/portal\/wp-json\/wp\/v2\/posts\/13052\/revisions"}],"predecessor-version":[{"id":13055,"href":"https:\/\/ugelchucuito.edu.pe\/portal\/wp-json\/wp\/v2\/posts\/13052\/revisions\/13055"}],"wp:attachment":[{"href":"https:\/\/ugelchucuito.edu.pe\/portal\/wp-json\/wp\/v2\/media?parent=13052"}],"wp:term":[{"taxonomy":"category","embeddable":true,"href":"https:\/\/ugelchucuito.edu.pe\/portal\/wp-json\/wp\/v2\/categories?post=13052"},{"taxonomy":"post_tag","embeddable":true,"href":"https:\/\/ugelchucuito.edu.pe\/portal\/wp-json\/wp\/v2\/tags?post=13052"}],"curies":[{"name":"wp","href":"https:\/\/api.w.org\/{rel}","templated":true}]}}