{"id":1308,"date":"2017-11-28T18:30:14","date_gmt":"2017-11-28T23:30:14","guid":{"rendered":"http:\/\/ugelchucuito.edu.pe\/portal\/?p=1308"},"modified":"2017-11-28T18:37:26","modified_gmt":"2017-11-28T23:37:26","slug":"i-congreso-provincial-de-profesores-de-matematica","status":"publish","type":"post","link":"https:\/\/ugelchucuito.edu.pe\/portal\/2017\/11\/28\/i-congreso-provincial-de-profesores-de-matematica\/","title":{"rendered":"I CONGRESO PROVINCIAL DE PROFESORES DE MATEM\u00c1TICA"},"content":{"rendered":"<p>Saludos,<\/p>\n<p>Estimados colegas comprometidos con el desarrollo de competencias matem\u00e1ticas.<\/p>\n<p>Se avecina nuestro I Congreso de Provincial de\u00a0Profesores de Matem\u00e1tica en la UGEL Chucuito.<\/p>\n<p>D\u00edas: Viernes\u00a001, S\u00e1bado\u00a002 y Domingo\u00a003 de diciembre, la asistencia a este evento tendr\u00e1 la <strong>certificaci\u00f3n<\/strong> respectiva.<\/p>\n<p>Las inscripciones al correo electr\u00f3nico <strong>albertchata@hotmail.com<\/strong>\u00a0 a trav\u00e9s de sus L\u00edderes Pedag\u00f3gicos,\u00a0<b>s\u00f3lo participar\u00e1n docentes inscritos.\u00a0<\/b><\/p>\n<p>Atentamente,<\/p>\n<p>Albert Chata Mamani<\/p>\n<p>930939983<\/p>\n<p><b>PD<\/b>\u00a0Los docentes participantes; para el primer d\u00eda (01 de diciembre)\u00a0deber\u00e1n portar uno de sus mejores\u00a0<b>materiales educativos\u00a0con su ficha respectiva<\/b>\u00a0en el\u00a0formato que adjunto al presente (versi\u00f3n digital), <strong>para el reconocimiento respectivo<\/strong>, adem\u00e1s los compartiremos entre todos los asistentes, ser\u00e1n d\u00edas de fruct\u00edfero intercambio.<\/p>\n<p>VEA <a href=\"https:\/\/www.youtube.com\/watch?v=ggVN03Hmz4k\" target=\"_blank\" rel=\"noopener\">VIDEO<\/a><\/p>\n<p>DESCARGUE <a href=\"http:\/\/ugelchucuito.edu.pe\/portal\/wp-content\/uploads\/2017\/11\/OFICIO-104.pdf\" target=\"_blank\" rel=\"noopener\">OFICIO DE CONVOCATORIA<\/a><\/p>\n<p>DESCARGUE <a href=\"http:\/\/ugelchucuito.edu.pe\/portal\/wp-content\/uploads\/2017\/11\/FICHA-DE-MI-MATERIAL-DID\u00c1CTICO.docx\" target=\"_blank\" rel=\"noopener\">FICHA PARA MATERIAL EDUCATIVO<\/a><\/p>\n","protected":false},"excerpt":{"rendered":"<p>Saludos, Estimados colegas comprometidos con el desarrollo de competencias matem\u00e1ticas. Se avecina nuestro I Congreso de Provincial de\u00a0Profesores de Matem\u00e1tica en la UGEL Chucuito. D\u00edas: Viernes\u00a001, S\u00e1bado\u00a002 y Domingo\u00a003 de diciembre, la asistencia a este evento tendr\u00e1 la certificaci\u00f3n respectiva. Las inscripciones al correo electr\u00f3nico albertchata@hotmail.com\u00a0 a trav\u00e9s de sus L\u00edderes Pedag\u00f3gicos,\u00a0s\u00f3lo participar\u00e1n docentes inscritos.\u00a0 [&hellip;]<\/p>\n","protected":false},"author":2,"featured_media":0,"comment_status":"open","ping_status":"open","sticky":false,"template":"","format":"standard","meta":{"footnotes":""},"categories":[],"tags":[],"class_list":["post-1308","post","type-post","status-publish","format-standard","hentry"],"_links":{"self":[{"href":"https:\/\/ugelchucuito.edu.pe\/portal\/wp-json\/wp\/v2\/posts\/1308","targetHints":{"allow":["GET"]}}],"collection":[{"href":"https:\/\/ugelchucuito.edu.pe\/portal\/wp-json\/wp\/v2\/posts"}],"about":[{"href":"https:\/\/ugelchucuito.edu.pe\/portal\/wp-json\/wp\/v2\/types\/post"}],"author":[{"embeddable":true,"href":"https:\/\/ugelchucuito.edu.pe\/portal\/wp-json\/wp\/v2\/users\/2"}],"replies":[{"embeddable":true,"href":"https:\/\/ugelchucuito.edu.pe\/portal\/wp-json\/wp\/v2\/comments?post=1308"}],"version-history":[{"count":1,"href":"https:\/\/ugelchucuito.edu.pe\/portal\/wp-json\/wp\/v2\/posts\/1308\/revisions"}],"predecessor-version":[{"id":1312,"href":"https:\/\/ugelchucuito.edu.pe\/portal\/wp-json\/wp\/v2\/posts\/1308\/revisions\/1312"}],"wp:attachment":[{"href":"https:\/\/ugelchucuito.edu.pe\/portal\/wp-json\/wp\/v2\/media?parent=1308"}],"wp:term":[{"taxonomy":"category","embeddable":true,"href":"https:\/\/ugelchucuito.edu.pe\/portal\/wp-json\/wp\/v2\/categories?post=1308"},{"taxonomy":"post_tag","embeddable":true,"href":"https:\/\/ugelchucuito.edu.pe\/portal\/wp-json\/wp\/v2\/tags?post=1308"}],"curies":[{"name":"wp","href":"https:\/\/api.w.org\/{rel}","templated":true}]}}