{"id":13089,"date":"2021-02-26T16:18:10","date_gmt":"2021-02-26T21:18:10","guid":{"rendered":"http:\/\/ugelchucuito.edu.pe\/portal\/?p=13089"},"modified":"2021-02-26T19:06:45","modified_gmt":"2021-02-27T00:06:45","slug":"cuadro-de-meritos-final-comunicado-n-006-2021-convocatoria-virtual-de-encargo-de-plazas-de-especialistas-en-educacion-para-la-sede-administrativa-para-el-ano-lectivo-2021-etapa-i-se","status":"publish","type":"post","link":"https:\/\/ugelchucuito.edu.pe\/portal\/2021\/02\/26\/cuadro-de-meritos-final-comunicado-n-006-2021-convocatoria-virtual-de-encargo-de-plazas-de-especialistas-en-educacion-para-la-sede-administrativa-para-el-ano-lectivo-2021-etapa-i-se\/","title":{"rendered":"ADJUDICACI\u00d3N VIRTUAL. COMUNICADO N\u00b0 006-2021: CONVOCATORIA VIRTUAL DE ENCARGO DE PLAZAS DE ESPECIALISTAS EN EDUCACI\u00d3N PARA LA SEDE ADMINISTRATIVA PARA EL A\u00d1O LECTIVO 2021. ETAPA I \u2013 SELECCI\u00d3N REGULAR."},"content":{"rendered":"\n<div class=\"wp-block-file\"><a href=\"http:\/\/ugelchucuito.edu.pe\/portal\/wp-content\/uploads\/2021\/02\/FINAL-UGEL-CHUCUITO-JULI-ETAPA-I-SELECCION-REGULAR-ESPECIALISTAS.pdf\" target=\"_blank\" rel=\"noreferrer noopener\"><strong><span class=\"has-inline-color has-vivid-cyan-blue-color\">&#8211; VER CUADRO DE M\u00c9RITOS FINAL<\/span><\/strong><\/a><a href=\"http:\/\/ugelchucuito.edu.pe\/portal\/wp-content\/uploads\/2021\/02\/FINAL-UGEL-CHUCUITO-JULI-ETAPA-I-SELECCION-REGULAR-ESPECIALISTAS.pdf\" class=\"wp-block-file__button\" download>Descarga<\/a><\/div>\n\n\n\n<p><strong><span class=\"has-inline-color has-vivid-red-color\">PROCESO DE ADJUDICACI\u00d3N VIRTUAL:\u00a0<\/span><\/strong><\/p>\n\n\n\n<ul class=\"wp-block-list\"><li><span class=\"has-inline-color has-vivid-red-color\"><strong>Plataforma virtual\u00a0\u00a0 \u00a0 \u00a0 : ZOOM\u00a0<\/strong><\/span><\/li><li><span class=\"has-inline-color has-vivid-red-color\"><strong>Fecha\u00a0\u00a0 \u00a0 \u00a0 \u00a0 \u00a0 \u00a0 \u00a0 \u00a0 \u00a0 \u00a0 \u00a0 \u00a0 \u00a0 \u00a0 \u00a0: Lunes 01 de marzo del 2021.\u00a0<\/strong><\/span><\/li><li><span class=\"has-inline-color has-vivid-red-color\"><strong>Hora\u00a0 \u00a0 \u00a0 \u00a0 \u00a0 \u00a0 \u00a0 \u00a0 \u00a0 \u00a0 \u00a0 \u00a0 \u00a0 \u00a0 \u00a0 \u00a0: 09:00 a.m.\u00a0<\/strong><\/span><strong><br><\/strong><br><span class=\"has-inline-color has-vivid-red-color\"><strong>Importante:<\/strong>\u00a0Para ingresar a la sala virtual, deber\u00e1 poner su nombre completo, se dar\u00e1 inicio a la hora exacta, prever tener una buena conexi\u00f3n a internet, mostrar su DNI, tener encendido el micr\u00f3fono y la c\u00e1mara.<\/span><\/li><\/ul>\n\n\n\n<p><span class=\"has-inline-color has-vivid-red-color\"><strong>Enlace para la participaci\u00f3n en la sala de adjudicaci\u00f3n:<\/strong>\u00a0<\/span><\/p>\n\n\n\n<p><a href=\"https:\/\/zoom.us\/j\/98974472196?pwd=VWRWT3F4WXozL3F2Mzg3dmgzTnBOZz09\" target=\"_blank\" rel=\"noreferrer noopener\"><span class=\"has-inline-color has-vivid-cyan-blue-color\">https:\/\/zoom.us\/j\/98974472196?pwd=VWRWT3F4WXozL3F2Mzg3dmgzTnBOZz09<\/span><\/a><\/p>\n\n\n\n<p><strong><span class=\"has-inline-color has-vivid-cyan-blue-color\">ID de reuni\u00f3n\u00a0\u00a0\u00a0\u00a0\u00a0\u00a0\u00a0\u00a0\u00a0\u00a0\u00a0\u00a0\u00a0\u00a0\u00a0\u00a0\u00a0\u00a0 : \u00a0989 7447 2196\u00a0<\/span><\/strong><\/p>\n\n\n\n<p><strong><span class=\"has-inline-color has-vivid-cyan-blue-color\">C\u00f3digo de acceso\u00a0\u00a0\u00a0\u00a0\u00a0\u00a0\u00a0\u00a0\u00a0\u00a0\u00a0\u00a0 : 421813<\/span><\/strong><\/p>\n\n\n\n<p><strong><span class=\"has-inline-color has-vivid-red-color\">Juli, 26 de febrero del 2021<\/span><\/strong><\/p>\n\n\n\n<p><strong><span class=\"has-inline-color has-vivid-red-color\">EL COMIT\u00c9<\/span><\/strong><\/p>\n","protected":false},"excerpt":{"rendered":"<p>PROCESO DE ADJUDICACI\u00d3N VIRTUAL:\u00a0 Plataforma virtual\u00a0\u00a0 \u00a0 \u00a0 : ZOOM\u00a0 Fecha\u00a0\u00a0 \u00a0 \u00a0 \u00a0 \u00a0 \u00a0 \u00a0 \u00a0 \u00a0 \u00a0 \u00a0 \u00a0 \u00a0 \u00a0 \u00a0: Lunes 01 de marzo del 2021.\u00a0 Hora\u00a0 \u00a0 \u00a0 \u00a0 \u00a0 \u00a0 \u00a0 \u00a0 \u00a0 \u00a0 \u00a0 \u00a0 \u00a0 \u00a0 \u00a0 \u00a0: 09:00 a.m.\u00a0Importante:\u00a0Para ingresar a la sala virtual, deber\u00e1 [&hellip;]<\/p>\n","protected":false},"author":3,"featured_media":0,"comment_status":"open","ping_status":"open","sticky":false,"template":"","format":"standard","meta":{"footnotes":""},"categories":[],"tags":[],"class_list":["post-13089","post","type-post","status-publish","format-standard","hentry"],"_links":{"self":[{"href":"https:\/\/ugelchucuito.edu.pe\/portal\/wp-json\/wp\/v2\/posts\/13089","targetHints":{"allow":["GET"]}}],"collection":[{"href":"https:\/\/ugelchucuito.edu.pe\/portal\/wp-json\/wp\/v2\/posts"}],"about":[{"href":"https:\/\/ugelchucuito.edu.pe\/portal\/wp-json\/wp\/v2\/types\/post"}],"author":[{"embeddable":true,"href":"https:\/\/ugelchucuito.edu.pe\/portal\/wp-json\/wp\/v2\/users\/3"}],"replies":[{"embeddable":true,"href":"https:\/\/ugelchucuito.edu.pe\/portal\/wp-json\/wp\/v2\/comments?post=13089"}],"version-history":[{"count":2,"href":"https:\/\/ugelchucuito.edu.pe\/portal\/wp-json\/wp\/v2\/posts\/13089\/revisions"}],"predecessor-version":[{"id":13093,"href":"https:\/\/ugelchucuito.edu.pe\/portal\/wp-json\/wp\/v2\/posts\/13089\/revisions\/13093"}],"wp:attachment":[{"href":"https:\/\/ugelchucuito.edu.pe\/portal\/wp-json\/wp\/v2\/media?parent=13089"}],"wp:term":[{"taxonomy":"category","embeddable":true,"href":"https:\/\/ugelchucuito.edu.pe\/portal\/wp-json\/wp\/v2\/categories?post=13089"},{"taxonomy":"post_tag","embeddable":true,"href":"https:\/\/ugelchucuito.edu.pe\/portal\/wp-json\/wp\/v2\/tags?post=13089"}],"curies":[{"name":"wp","href":"https:\/\/api.w.org\/{rel}","templated":true}]}}