{"id":13215,"date":"2021-03-04T16:09:15","date_gmt":"2021-03-04T21:09:15","guid":{"rendered":"http:\/\/ugelchucuito.edu.pe\/portal\/?p=13215"},"modified":"2021-03-04T18:49:35","modified_gmt":"2021-03-04T23:49:35","slug":"resultados-finales-y-cronograma-de-entrevista-personal-virtual-iii-convocatoria-contrato-administrativo-de-servicios-cas-para-el-fortalecimiento-de-la-gestion-administrativa-e-institucional-2021","status":"publish","type":"post","link":"https:\/\/ugelchucuito.edu.pe\/portal\/2021\/03\/04\/resultados-finales-y-cronograma-de-entrevista-personal-virtual-iii-convocatoria-contrato-administrativo-de-servicios-cas-para-el-fortalecimiento-de-la-gestion-administrativa-e-institucional-2021\/","title":{"rendered":"RESULTADOS FINALES DE EVALUACI\u00d3N DE HOJA DE VIDA Y CRONOGRAMA DE ENTREVISTA PERSONAL VIRTUAL. III CONVOCATORIA: CONTRATO ADMINISTRATIVO DE SERVICIOS (CAS) PARA EL FORTALECIMIENTO DE LA GESTI\u00d3N ADMINISTRATIVA E INSTITUCIONAL 2021, PARA LA SEDE SEG\u00daN R.VM. N\u00b0 009-2021-MINEDU (ESPECIALISTA EN ABASTECIMIENTO)"},"content":{"rendered":"\n<div class=\"wp-block-file\"><a href=\"http:\/\/ugelchucuito.edu.pe\/portal\/wp-content\/uploads\/2021\/03\/resultados-FINALES-Y-ENTREV.-PERSONAL-CAS-SEDE-UGEL-CHUCUITO-JULI_especialista-Abastecimientos-04-03-2021.pdf\" target=\"_blank\" rel=\"noreferrer noopener\"><strong><span class=\"has-inline-color has-vivid-cyan-blue-color\">\u2013 VER RESULTADOS FINALES DE EVALUACI\u00d3N DE EXPEDIENTES Y CRONOGRAMA DE ENTREVISTA PERSONAL VIRTUAL<\/span><\/strong><\/a><a href=\"http:\/\/ugelchucuito.edu.pe\/portal\/wp-content\/uploads\/2021\/03\/resultados-FINALES-Y-ENTREV.-PERSONAL-CAS-SEDE-UGEL-CHUCUITO-JULI_especialista-Abastecimientos-04-03-2021.pdf\" class=\"wp-block-file__button\" download>Descarga<\/a><\/div>\n\n\n\n<p><strong><span class=\"has-inline-color has-vivid-red-color\">PROCESO DE ENTREVISTA PERSONAL VIRTUAL:&nbsp;<\/span><\/strong><\/p>\n\n\n\n<ul class=\"wp-block-list\"><li><span class=\"has-inline-color has-vivid-red-color\"><strong>Plataforma virtual&nbsp;&nbsp; &nbsp; &nbsp; : ZOOM&nbsp;<\/strong><\/span><\/li><li><span class=\"has-inline-color has-vivid-red-color\"><strong>Fecha&nbsp;&nbsp; &nbsp; &nbsp; &nbsp; &nbsp; &nbsp; &nbsp; &nbsp; &nbsp; &nbsp; &nbsp; &nbsp; &nbsp; &nbsp; &nbsp;: Viernes 05 de marzo del 2021&nbsp;<\/strong><\/span><\/li><li><span class=\"has-inline-color has-vivid-red-color\"><strong>Hora&nbsp; &nbsp; &nbsp; &nbsp; &nbsp; &nbsp; &nbsp; &nbsp; &nbsp; &nbsp; &nbsp; &nbsp; &nbsp; &nbsp; &nbsp; &nbsp;: Desde las 08:30 a.m. (seg\u00fan cronograma).&nbsp;<\/strong><br><strong>Importante:<\/strong>&nbsp;Para ingresar a la sala virtual, deber\u00e1 poner su nombre completo, se dar\u00e1 inicio a la hora exacta, prever tener una buena conexi\u00f3n a internet, mostrar su DNI, tener encendido el micr\u00f3fono y la c\u00e1mara.<\/span><\/li><\/ul>\n\n\n\n<p><strong><span class=\"has-inline-color has-vivid-red-color\">Enlace para la participaci\u00f3n en la sala de entrevista personal:<\/span><\/strong>&nbsp;<\/p>\n\n\n\n<p><a href=\"https:\/\/zoom.us\/j\/99111331136?pwd=VWtieHpOQndFcUh6SXpycE5GOFZLQT09\" target=\"_blank\" rel=\"noreferrer noopener\">https:\/\/zoom.us\/j\/99111331136?pwd=VWtieHpOQndFcUh6SXpycE5GOFZLQT09<\/a><\/p>\n\n\n\n<p><strong><span class=\"has-inline-color has-vivid-cyan-blue-color\">ID de reuni\u00f3n&nbsp;&nbsp;&nbsp;&nbsp;&nbsp;&nbsp;&nbsp;&nbsp;&nbsp;&nbsp;&nbsp;&nbsp;&nbsp;&nbsp;&nbsp;&nbsp;&nbsp;&nbsp; : &nbsp;991 1133 1136&nbsp;<\/span><\/strong><\/p>\n\n\n\n<p><strong><span class=\"has-inline-color has-vivid-cyan-blue-color\">C\u00f3digo de acceso&nbsp;&nbsp;&nbsp;&nbsp;&nbsp;&nbsp;&nbsp;&nbsp;&nbsp;&nbsp;&nbsp;&nbsp; : AgcsB2<\/span>&nbsp;<\/strong><\/p>\n\n\n\n<p><strong><span class=\"has-inline-color has-vivid-red-color\">Juli, 04 de marzo del 2021<\/span><\/strong><\/p>\n\n\n\n<p><strong><span class=\"has-inline-color has-vivid-red-color\">EL COMIT\u00c9<\/span><\/strong><\/p>\n","protected":false},"excerpt":{"rendered":"<p>PROCESO DE ENTREVISTA PERSONAL VIRTUAL:&nbsp; Plataforma virtual&nbsp;&nbsp; &nbsp; &nbsp; : ZOOM&nbsp; Fecha&nbsp;&nbsp; &nbsp; &nbsp; &nbsp; &nbsp; &nbsp; &nbsp; &nbsp; &nbsp; &nbsp; &nbsp; &nbsp; &nbsp; &nbsp; &nbsp;: Viernes 05 de marzo del 2021&nbsp; Hora&nbsp; &nbsp; &nbsp; &nbsp; &nbsp; &nbsp; &nbsp; &nbsp; &nbsp; &nbsp; &nbsp; &nbsp; &nbsp; &nbsp; &nbsp; &nbsp;: Desde las 08:30 a.m. (seg\u00fan cronograma).&nbsp;Importante:&nbsp;Para ingresar [&hellip;]<\/p>\n","protected":false},"author":3,"featured_media":0,"comment_status":"open","ping_status":"open","sticky":false,"template":"","format":"standard","meta":{"footnotes":""},"categories":[],"tags":[],"class_list":["post-13215","post","type-post","status-publish","format-standard","hentry"],"_links":{"self":[{"href":"https:\/\/ugelchucuito.edu.pe\/portal\/wp-json\/wp\/v2\/posts\/13215","targetHints":{"allow":["GET"]}}],"collection":[{"href":"https:\/\/ugelchucuito.edu.pe\/portal\/wp-json\/wp\/v2\/posts"}],"about":[{"href":"https:\/\/ugelchucuito.edu.pe\/portal\/wp-json\/wp\/v2\/types\/post"}],"author":[{"embeddable":true,"href":"https:\/\/ugelchucuito.edu.pe\/portal\/wp-json\/wp\/v2\/users\/3"}],"replies":[{"embeddable":true,"href":"https:\/\/ugelchucuito.edu.pe\/portal\/wp-json\/wp\/v2\/comments?post=13215"}],"version-history":[{"count":3,"href":"https:\/\/ugelchucuito.edu.pe\/portal\/wp-json\/wp\/v2\/posts\/13215\/revisions"}],"predecessor-version":[{"id":13232,"href":"https:\/\/ugelchucuito.edu.pe\/portal\/wp-json\/wp\/v2\/posts\/13215\/revisions\/13232"}],"wp:attachment":[{"href":"https:\/\/ugelchucuito.edu.pe\/portal\/wp-json\/wp\/v2\/media?parent=13215"}],"wp:term":[{"taxonomy":"category","embeddable":true,"href":"https:\/\/ugelchucuito.edu.pe\/portal\/wp-json\/wp\/v2\/categories?post=13215"},{"taxonomy":"post_tag","embeddable":true,"href":"https:\/\/ugelchucuito.edu.pe\/portal\/wp-json\/wp\/v2\/tags?post=13215"}],"curies":[{"name":"wp","href":"https:\/\/api.w.org\/{rel}","templated":true}]}}