{"id":13233,"date":"2021-03-05T17:12:38","date_gmt":"2021-03-05T22:12:38","guid":{"rendered":"http:\/\/ugelchucuito.edu.pe\/portal\/?p=13233"},"modified":"2021-03-05T17:12:41","modified_gmt":"2021-03-05T22:12:41","slug":"adjudicacion-virtual-iii-convocatoria-contrato-administrativo-de-servicios-cas-para-el-fortalecimiento-de-la-gestion-administrativa-e-institucional-2021-para-la-sede-segun-r-vm-n-009-2021","status":"publish","type":"post","link":"https:\/\/ugelchucuito.edu.pe\/portal\/2021\/03\/05\/adjudicacion-virtual-iii-convocatoria-contrato-administrativo-de-servicios-cas-para-el-fortalecimiento-de-la-gestion-administrativa-e-institucional-2021-para-la-sede-segun-r-vm-n-009-2021\/","title":{"rendered":"ADJUDICACI\u00d3N VIRTUAL. III CONVOCATORIA: CONTRATO ADMINISTRATIVO DE SERVICIOS (CAS) PARA EL FORTALECIMIENTO DE LA GESTI\u00d3N ADMINISTRATIVA E INSTITUCIONAL 2021, PARA LA SEDE SEG\u00daN R.VM. N\u00b0 009-2021-MINEDU (ESPECIALISTA EN ABASTECIMIENTO)"},"content":{"rendered":"\n<div class=\"wp-block-file\"><a href=\"http:\/\/ugelchucuito.edu.pe\/portal\/wp-content\/uploads\/2021\/03\/resultados-FINALES-Y-ADJUDICACION-CAS-SEDE-UGEL-CHUCUITO-JULI_especialista-Abastecimientos-05-03-2021.pdf\" target=\"_blank\" rel=\"noreferrer noopener\"><strong><span class=\"has-inline-color has-vivid-cyan-blue-color\">&#8211; VER RESULTADOS FINALES<\/span><\/strong><\/a><a href=\"http:\/\/ugelchucuito.edu.pe\/portal\/wp-content\/uploads\/2021\/03\/resultados-FINALES-Y-ADJUDICACION-CAS-SEDE-UGEL-CHUCUITO-JULI_especialista-Abastecimientos-05-03-2021.pdf\" class=\"wp-block-file__button\" download>Descarga<\/a><\/div>\n\n\n\n<p><strong><span class=\"has-inline-color has-vivid-red-color\">PROCESO DE ADJUDICACI\u00d3N VIRTUAL:&nbsp;<\/span><\/strong><\/p>\n\n\n\n<ul class=\"wp-block-list\"><li><span class=\"has-inline-color has-vivid-red-color\"><strong>Plataforma virtual&nbsp;&nbsp; &nbsp; &nbsp; : ZOOM&nbsp;<\/strong><\/span><\/li><li><span class=\"has-inline-color has-vivid-red-color\"><strong>Fecha&nbsp;&nbsp; &nbsp; &nbsp; &nbsp; &nbsp; &nbsp; &nbsp; &nbsp; &nbsp; &nbsp; &nbsp; &nbsp; &nbsp; &nbsp; &nbsp;: Lunes 08 de marzo del 2021&nbsp;<\/strong><\/span><\/li><li><span class=\"has-inline-color has-vivid-red-color\"><strong>Hora&nbsp; &nbsp; &nbsp; &nbsp; &nbsp; &nbsp; &nbsp; &nbsp; &nbsp; &nbsp; &nbsp; &nbsp; &nbsp; &nbsp; &nbsp; &nbsp;: 09:00 a.m.&nbsp;<\/strong><br><strong>Importante:<\/strong>&nbsp;Para ingresar a la sala virtual, deber\u00e1 poner su nombre completo, se dar\u00e1 inicio a la hora exacta, prever tener una buena conexi\u00f3n a internet, mostrar su DNI, tener encendido el micr\u00f3fono y la c\u00e1mara.<\/span><\/li><\/ul>\n\n\n\n<p><span class=\"has-inline-color has-vivid-red-color\"><strong>Enlace para la participaci\u00f3n en la sala de adjudicaci\u00f3n virtual:<\/strong>&nbsp;<\/span><\/p>\n\n\n\n<p><a href=\"https:\/\/zoom.us\/j\/93993676870?pwd=TnJLVkU0eFVJZUlCQ3BIampaelp6dz09\" target=\"_blank\" rel=\"noreferrer noopener\"><span class=\"has-inline-color has-vivid-cyan-blue-color\">https:\/\/zoom.us\/j\/93993676870?pwd=TnJLVkU0eFVJZUlCQ3BIampaelp6dz09<\/span><\/a><\/p>\n\n\n\n<p><strong><span class=\"has-inline-color has-vivid-cyan-blue-color\">ID de reuni\u00f3n&nbsp;&nbsp;&nbsp;&nbsp;&nbsp;&nbsp;&nbsp;&nbsp;&nbsp;&nbsp;&nbsp;&nbsp;&nbsp;&nbsp;&nbsp;&nbsp;&nbsp;&nbsp; : &nbsp;939 9367 6870<\/span>&nbsp;<\/strong><\/p>\n\n\n\n<p><strong><span class=\"has-inline-color has-vivid-cyan-blue-color\">C\u00f3digo de acceso&nbsp;&nbsp;&nbsp;&nbsp;&nbsp;&nbsp;&nbsp;&nbsp;&nbsp;&nbsp;&nbsp;&nbsp; : 471988<\/span>&nbsp;<\/strong><\/p>\n\n\n\n<p><strong><span class=\"has-inline-color has-vivid-red-color\">Juli, 05 de marzo del 2021<\/span><\/strong><\/p>\n\n\n\n<p><strong><span class=\"has-inline-color has-vivid-red-color\">EL COMIT\u00c9<\/span><\/strong><\/p>\n","protected":false},"excerpt":{"rendered":"<p>PROCESO DE ADJUDICACI\u00d3N VIRTUAL:&nbsp; Plataforma virtual&nbsp;&nbsp; &nbsp; &nbsp; : ZOOM&nbsp; Fecha&nbsp;&nbsp; &nbsp; &nbsp; &nbsp; &nbsp; &nbsp; &nbsp; &nbsp; &nbsp; &nbsp; &nbsp; &nbsp; &nbsp; &nbsp; &nbsp;: Lunes 08 de marzo del 2021&nbsp; Hora&nbsp; &nbsp; &nbsp; &nbsp; &nbsp; &nbsp; &nbsp; &nbsp; &nbsp; &nbsp; &nbsp; &nbsp; &nbsp; &nbsp; &nbsp; &nbsp;: 09:00 a.m.&nbsp;Importante:&nbsp;Para ingresar a la sala virtual, deber\u00e1 [&hellip;]<\/p>\n","protected":false},"author":3,"featured_media":0,"comment_status":"open","ping_status":"open","sticky":false,"template":"","format":"standard","meta":{"footnotes":""},"categories":[],"tags":[],"class_list":["post-13233","post","type-post","status-publish","format-standard","hentry"],"_links":{"self":[{"href":"https:\/\/ugelchucuito.edu.pe\/portal\/wp-json\/wp\/v2\/posts\/13233","targetHints":{"allow":["GET"]}}],"collection":[{"href":"https:\/\/ugelchucuito.edu.pe\/portal\/wp-json\/wp\/v2\/posts"}],"about":[{"href":"https:\/\/ugelchucuito.edu.pe\/portal\/wp-json\/wp\/v2\/types\/post"}],"author":[{"embeddable":true,"href":"https:\/\/ugelchucuito.edu.pe\/portal\/wp-json\/wp\/v2\/users\/3"}],"replies":[{"embeddable":true,"href":"https:\/\/ugelchucuito.edu.pe\/portal\/wp-json\/wp\/v2\/comments?post=13233"}],"version-history":[{"count":2,"href":"https:\/\/ugelchucuito.edu.pe\/portal\/wp-json\/wp\/v2\/posts\/13233\/revisions"}],"predecessor-version":[{"id":13236,"href":"https:\/\/ugelchucuito.edu.pe\/portal\/wp-json\/wp\/v2\/posts\/13233\/revisions\/13236"}],"wp:attachment":[{"href":"https:\/\/ugelchucuito.edu.pe\/portal\/wp-json\/wp\/v2\/media?parent=13233"}],"wp:term":[{"taxonomy":"category","embeddable":true,"href":"https:\/\/ugelchucuito.edu.pe\/portal\/wp-json\/wp\/v2\/categories?post=13233"},{"taxonomy":"post_tag","embeddable":true,"href":"https:\/\/ugelchucuito.edu.pe\/portal\/wp-json\/wp\/v2\/tags?post=13233"}],"curies":[{"name":"wp","href":"https:\/\/api.w.org\/{rel}","templated":true}]}}