{"id":13339,"date":"2021-03-15T21:49:10","date_gmt":"2021-03-16T02:49:10","guid":{"rendered":"http:\/\/ugelchucuito.edu.pe\/portal\/?p=13339"},"modified":"2021-03-15T21:53:52","modified_gmt":"2021-03-16T02:53:52","slug":"adjudicacion-de-plazas-contratacion-de-auxiliares-de-educacion-2021","status":"publish","type":"post","link":"https:\/\/ugelchucuito.edu.pe\/portal\/2021\/03\/15\/adjudicacion-de-plazas-contratacion-de-auxiliares-de-educacion-2021\/","title":{"rendered":"ADJUDICACI\u00d3N DE PLAZAS. CONTRATACI\u00d3N DE AUXILIARES DE EDUCACI\u00d3N 2021."},"content":{"rendered":"\n<div class=\"wp-block-file\"><a href=\"http:\/\/ugelchucuito.edu.pe\/portal\/wp-content\/uploads\/2021\/03\/REPORTE_PLAZAS_VACANTES_AUX_EDUC_LICENCIAS_2021.pdf\" target=\"_blank\" rel=\"noreferrer noopener\"><strong><span class=\"has-inline-color has-vivid-cyan-blue-color\">&#8211; VER REPORTE DE PLAZAS<\/span><\/strong><\/a><a href=\"http:\/\/ugelchucuito.edu.pe\/portal\/wp-content\/uploads\/2021\/03\/REPORTE_PLAZAS_VACANTES_AUX_EDUC_LICENCIAS_2021.pdf\" class=\"wp-block-file__button\" download>Descarga<\/a><\/div>\n\n\n\n<p><strong><span class=\"has-inline-color has-vivid-red-color\">PROCESO DE ADJUDICACI\u00d3N VIRTUAL:\u00a0<\/span><\/strong><\/p>\n\n\n\n<ul class=\"wp-block-list\"><li><span class=\"has-inline-color has-vivid-red-color\"><strong>Plataforma virtual\u00a0\u00a0 \u00a0 \u00a0 : ZOOM\u00a0<\/strong><\/span><\/li><li><span class=\"has-inline-color has-vivid-red-color\"><strong>Fecha\u00a0\u00a0 \u00a0 \u00a0 \u00a0 \u00a0 \u00a0 \u00a0 \u00a0 \u00a0 \u00a0 \u00a0 \u00a0 \u00a0 : Miercoles 17 de marzo del 2021\u00a0<\/strong><\/span><\/li><li><span class=\"has-inline-color has-vivid-red-color\"><strong>Hora\u00a0 \u00a0 \u00a0 \u00a0 \u00a0 \u00a0 \u00a0 \u00a0 \u00a0 \u00a0 \u00a0 \u00a0 \u00a0 \u00a0 \u00a0: 09:00 a.m.\u00a0<\/strong><br><strong>Importante:<\/strong>\u00a0Para ingresar a la sala virtual, deber\u00e1 poner su nombre completo, se dar\u00e1 inicio a la hora exacta, prever tener una buena conexi\u00f3n a internet, mostrar su DNI, tener encendido el micr\u00f3fono y la c\u00e1mara.<\/span><\/li><li><span class=\"has-inline-color has-vivid-red-color\"><strong>Enlace para la participaci\u00f3n en la sala virtual:<\/strong><\/span><\/li><\/ul>\n\n\n\n<p><a rel=\"noreferrer noopener\" href=\"https:\/\/zoom.us\/j\/98905990230?pwd=OWkwWEZTTXozTmtVeS8raFI1d2ZjUT09\" target=\"_blank\"><span class=\"has-inline-color has-vivid-cyan-blue-color\"><strong>https:\/\/zoom.us\/j\/98905990230?pwd=OWkwWEZTTXozTmtVeS8raFI1d2ZjUT09<\/strong><\/span><\/a><\/p>\n\n\n\n<ul class=\"wp-block-list\"><li><span class=\"has-inline-color has-vivid-cyan-blue-color\"><strong>ID de reuni\u00f3n\u00a0\u00a0\u00a0\u00a0\u00a0\u00a0\u00a0\u00a0\u00a0\u00a0\u00a0\u00a0\u00a0\u00a0\u00a0\u00a0\u00a0\u00a0 : \u00a0989 0599 0230\u00a0<\/strong><\/span><\/li><li><span class=\"has-inline-color has-vivid-cyan-blue-color\"><strong>C\u00f3digo de acceso\u00a0\u00a0\u00a0\u00a0\u00a0\u00a0\u00a0\u00a0\u00a0\u00a0\u00a0: 482695<\/strong><\/span><\/li><\/ul>\n\n\n\n<p><strong><span class=\"has-inline-color has-vivid-red-color\">Juli, 15 de marzo del 2021<\/span><\/strong><\/p>\n\n\n\n<p><strong><span class=\"has-inline-color has-vivid-red-color\">EL COMIT\u00c9<\/span><\/strong><\/p>\n","protected":false},"excerpt":{"rendered":"<p>PROCESO DE ADJUDICACI\u00d3N VIRTUAL:\u00a0 Plataforma virtual\u00a0\u00a0 \u00a0 \u00a0 : ZOOM\u00a0 Fecha\u00a0\u00a0 \u00a0 \u00a0 \u00a0 \u00a0 \u00a0 \u00a0 \u00a0 \u00a0 \u00a0 \u00a0 \u00a0 \u00a0 : Miercoles 17 de marzo del 2021\u00a0 Hora\u00a0 \u00a0 \u00a0 \u00a0 \u00a0 \u00a0 \u00a0 \u00a0 \u00a0 \u00a0 \u00a0 \u00a0 \u00a0 \u00a0 \u00a0: 09:00 a.m.\u00a0Importante:\u00a0Para ingresar a la sala virtual, deber\u00e1 poner su [&hellip;]<\/p>\n","protected":false},"author":3,"featured_media":0,"comment_status":"open","ping_status":"open","sticky":false,"template":"","format":"standard","meta":{"footnotes":""},"categories":[],"tags":[],"class_list":["post-13339","post","type-post","status-publish","format-standard","hentry"],"_links":{"self":[{"href":"https:\/\/ugelchucuito.edu.pe\/portal\/wp-json\/wp\/v2\/posts\/13339","targetHints":{"allow":["GET"]}}],"collection":[{"href":"https:\/\/ugelchucuito.edu.pe\/portal\/wp-json\/wp\/v2\/posts"}],"about":[{"href":"https:\/\/ugelchucuito.edu.pe\/portal\/wp-json\/wp\/v2\/types\/post"}],"author":[{"embeddable":true,"href":"https:\/\/ugelchucuito.edu.pe\/portal\/wp-json\/wp\/v2\/users\/3"}],"replies":[{"embeddable":true,"href":"https:\/\/ugelchucuito.edu.pe\/portal\/wp-json\/wp\/v2\/comments?post=13339"}],"version-history":[{"count":2,"href":"https:\/\/ugelchucuito.edu.pe\/portal\/wp-json\/wp\/v2\/posts\/13339\/revisions"}],"predecessor-version":[{"id":13342,"href":"https:\/\/ugelchucuito.edu.pe\/portal\/wp-json\/wp\/v2\/posts\/13339\/revisions\/13342"}],"wp:attachment":[{"href":"https:\/\/ugelchucuito.edu.pe\/portal\/wp-json\/wp\/v2\/media?parent=13339"}],"wp:term":[{"taxonomy":"category","embeddable":true,"href":"https:\/\/ugelchucuito.edu.pe\/portal\/wp-json\/wp\/v2\/categories?post=13339"},{"taxonomy":"post_tag","embeddable":true,"href":"https:\/\/ugelchucuito.edu.pe\/portal\/wp-json\/wp\/v2\/tags?post=13339"}],"curies":[{"name":"wp","href":"https:\/\/api.w.org\/{rel}","templated":true}]}}