{"id":13787,"date":"2021-04-29T15:52:20","date_gmt":"2021-04-29T20:52:20","guid":{"rendered":"http:\/\/ugelchucuito.edu.pe\/portal\/?p=13787"},"modified":"2021-04-29T15:53:09","modified_gmt":"2021-04-29T20:53:09","slug":"cronograma-de-entrevista-personal-grupo-profesional-d-leg-276-proceso-de-seleccion-de-personal-para-contrato-en-plazas-vacantes-2021-de-la-ugel-chucuito","status":"publish","type":"post","link":"https:\/\/ugelchucuito.edu.pe\/portal\/2021\/04\/29\/cronograma-de-entrevista-personal-grupo-profesional-d-leg-276-proceso-de-seleccion-de-personal-para-contrato-en-plazas-vacantes-2021-de-la-ugel-chucuito\/","title":{"rendered":"CRONOGRAMA DE ENTREVISTA PERSONAL (CARGO CONTADOR &#8211; GRUPO PROFESIONAL) . D.Leg-276. PROCESO DE SELECCI\u00d3N DE PERSONAL PARA CONTRATO EN PLAZAS VACANTES 2021. DE LA UGEL CHUCUITO."},"content":{"rendered":"\n<div class=\"wp-block-file\"><a href=\"http:\/\/ugelchucuito.edu.pe\/portal\/wp-content\/uploads\/2021\/04\/1_RES_FINALES__CRONOGRAMA_ENTREVISTA_CONTADOR-2021-_DL_276.pdf\" target=\"_blank\" rel=\"noreferrer noopener\"><strong><span class=\"has-inline-color has-vivid-cyan-blue-color\">&#8211; VER RESULTADOS FINALES DE EVALUACI\u00d3N DE EXPEDIENTES Y CRONOGRAMA DE ENTREVISTA PERSONAL<\/span><\/strong><\/a><a href=\"http:\/\/ugelchucuito.edu.pe\/portal\/wp-content\/uploads\/2021\/04\/1_RES_FINALES__CRONOGRAMA_ENTREVISTA_CONTADOR-2021-_DL_276.pdf\" class=\"wp-block-file__button\" download>Descarga<\/a><\/div>\n\n\n\n<p><strong><span class=\"has-inline-color has-vivid-red-color\">PROCESO DE ENTREVISTA PERSONAL Y DESARROLLO DE CASO PR\u00c1CTICO VIRTUAL:\u00a0<\/span><\/strong><\/p>\n\n\n\n<ul class=\"wp-block-list\"><li><span class=\"has-inline-color has-vivid-red-color\"><strong>Plataforma virtual\u00a0\u00a0 \u00a0 \u00a0 : GOOGLE MEET\u00a0<\/strong><\/span><\/li><li><span class=\"has-inline-color has-vivid-red-color\"><strong>Fecha\u00a0\u00a0 \u00a0 \u00a0 \u00a0 \u00a0 \u00a0 \u00a0 \u00a0 \u00a0 \u00a0 \u00a0 \u00a0 \u00a0 : Viernes 30 de abril del 2021\u00a0<\/strong><\/span><\/li><li><span class=\"has-inline-color has-vivid-red-color\"><strong>Hora\u00a0 \u00a0 \u00a0 \u00a0 \u00a0 \u00a0 \u00a0 \u00a0 \u00a0 \u00a0 \u00a0 \u00a0 \u00a0 \u00a0 \u00a0: Desde las 10:00 a.m. seg\u00fan cronograma\u00a0<\/strong><br><strong>Importante:<\/strong>\u00a0Para ingresar a la sala virtual, deber\u00e1 poner su nombre completo, se dar\u00e1 inicio a la hora exacta, prever tener una buena conexi\u00f3n a internet, mostrar su DNI, tener encendido el micr\u00f3fono y la c\u00e1mara. <\/span><strong><span class=\"has-inline-color has-vivid-cyan-blue-color\">PARA LA EVALUACI\u00d3N DEL CASO PR\u00c1CTICO DEBER\u00c1N TENER INSTALADO EN SU DISPOSITIVO EL SOFTWARE \u00abANYDESK\u00bb<\/span><\/strong><\/li><li><span class=\"has-inline-color has-vivid-red-color\"><strong>Enlace para la participaci\u00f3n en la sala virtual:<\/strong><\/span><\/li><\/ul>\n\n\n\n<p><a href=\"https:\/\/meet.google.com\/qwz-hfvd-rqr\"><strong><span class=\"has-inline-color has-vivid-cyan-blue-color\">https:\/\/meet.google.com\/qwz-hfvd-rqr<\/span><\/strong><\/a><\/p>\n\n\n\n<p><strong><span class=\"has-inline-color has-vivid-red-color\">Juli, 29 de Abril del 2021<\/span><\/strong><\/p>\n\n\n\n<p><strong><span class=\"has-inline-color has-vivid-red-color\">EL COMIT\u00c9<\/span><\/strong><\/p>\n","protected":false},"excerpt":{"rendered":"<p>PROCESO DE ENTREVISTA PERSONAL Y DESARROLLO DE CASO PR\u00c1CTICO VIRTUAL:\u00a0 Plataforma virtual\u00a0\u00a0 \u00a0 \u00a0 : GOOGLE MEET\u00a0 Fecha\u00a0\u00a0 \u00a0 \u00a0 \u00a0 \u00a0 \u00a0 \u00a0 \u00a0 \u00a0 \u00a0 \u00a0 \u00a0 \u00a0 : Viernes 30 de abril del 2021\u00a0 Hora\u00a0 \u00a0 \u00a0 \u00a0 \u00a0 \u00a0 \u00a0 \u00a0 \u00a0 \u00a0 \u00a0 \u00a0 \u00a0 \u00a0 \u00a0: Desde las 10:00 [&hellip;]<\/p>\n","protected":false},"author":3,"featured_media":0,"comment_status":"open","ping_status":"open","sticky":false,"template":"","format":"standard","meta":{"footnotes":""},"categories":[],"tags":[],"class_list":["post-13787","post","type-post","status-publish","format-standard","hentry"],"_links":{"self":[{"href":"https:\/\/ugelchucuito.edu.pe\/portal\/wp-json\/wp\/v2\/posts\/13787","targetHints":{"allow":["GET"]}}],"collection":[{"href":"https:\/\/ugelchucuito.edu.pe\/portal\/wp-json\/wp\/v2\/posts"}],"about":[{"href":"https:\/\/ugelchucuito.edu.pe\/portal\/wp-json\/wp\/v2\/types\/post"}],"author":[{"embeddable":true,"href":"https:\/\/ugelchucuito.edu.pe\/portal\/wp-json\/wp\/v2\/users\/3"}],"replies":[{"embeddable":true,"href":"https:\/\/ugelchucuito.edu.pe\/portal\/wp-json\/wp\/v2\/comments?post=13787"}],"version-history":[{"count":2,"href":"https:\/\/ugelchucuito.edu.pe\/portal\/wp-json\/wp\/v2\/posts\/13787\/revisions"}],"predecessor-version":[{"id":13790,"href":"https:\/\/ugelchucuito.edu.pe\/portal\/wp-json\/wp\/v2\/posts\/13787\/revisions\/13790"}],"wp:attachment":[{"href":"https:\/\/ugelchucuito.edu.pe\/portal\/wp-json\/wp\/v2\/media?parent=13787"}],"wp:term":[{"taxonomy":"category","embeddable":true,"href":"https:\/\/ugelchucuito.edu.pe\/portal\/wp-json\/wp\/v2\/categories?post=13787"},{"taxonomy":"post_tag","embeddable":true,"href":"https:\/\/ugelchucuito.edu.pe\/portal\/wp-json\/wp\/v2\/tags?post=13787"}],"curies":[{"name":"wp","href":"https:\/\/api.w.org\/{rel}","templated":true}]}}