{"id":1392,"date":"2017-12-01T15:10:30","date_gmt":"2017-12-01T20:10:30","guid":{"rendered":"http:\/\/ugelchucuito.edu.pe\/portal\/?p=1392"},"modified":"2017-12-01T15:10:30","modified_gmt":"2017-12-01T20:10:30","slug":"convocatoria-taller-de-capacitacion-a-docentes-de-educacion-fisica-y-arte-2017","status":"publish","type":"post","link":"https:\/\/ugelchucuito.edu.pe\/portal\/2017\/12\/01\/convocatoria-taller-de-capacitacion-a-docentes-de-educacion-fisica-y-arte-2017\/","title":{"rendered":"CONVOCATORIA &#8211; TALLER DE CAPACITACI\u00d3N A DOCENTES DE EDUCACI\u00d3N F\u00cdSICA Y ARTE 2017."},"content":{"rendered":"<p><a href=\"http:\/\/ugelchucuito.edu.pe\/portal\/wp-content\/uploads\/2017\/12\/doc07184320171201152205.pdf\" target=\"_blank\" rel=\"noopener\">VER OFICIO DE CONVOCATORIA<\/a><\/p>\n","protected":false},"excerpt":{"rendered":"<p>VER OFICIO DE CONVOCATORIA<\/p>\n","protected":false},"author":3,"featured_media":0,"comment_status":"open","ping_status":"open","sticky":false,"template":"","format":"standard","meta":{"footnotes":""},"categories":[],"tags":[],"class_list":["post-1392","post","type-post","status-publish","format-standard","hentry"],"_links":{"self":[{"href":"https:\/\/ugelchucuito.edu.pe\/portal\/wp-json\/wp\/v2\/posts\/1392","targetHints":{"allow":["GET"]}}],"collection":[{"href":"https:\/\/ugelchucuito.edu.pe\/portal\/wp-json\/wp\/v2\/posts"}],"about":[{"href":"https:\/\/ugelchucuito.edu.pe\/portal\/wp-json\/wp\/v2\/types\/post"}],"author":[{"embeddable":true,"href":"https:\/\/ugelchucuito.edu.pe\/portal\/wp-json\/wp\/v2\/users\/3"}],"replies":[{"embeddable":true,"href":"https:\/\/ugelchucuito.edu.pe\/portal\/wp-json\/wp\/v2\/comments?post=1392"}],"version-history":[{"count":1,"href":"https:\/\/ugelchucuito.edu.pe\/portal\/wp-json\/wp\/v2\/posts\/1392\/revisions"}],"predecessor-version":[{"id":1395,"href":"https:\/\/ugelchucuito.edu.pe\/portal\/wp-json\/wp\/v2\/posts\/1392\/revisions\/1395"}],"wp:attachment":[{"href":"https:\/\/ugelchucuito.edu.pe\/portal\/wp-json\/wp\/v2\/media?parent=1392"}],"wp:term":[{"taxonomy":"category","embeddable":true,"href":"https:\/\/ugelchucuito.edu.pe\/portal\/wp-json\/wp\/v2\/categories?post=1392"},{"taxonomy":"post_tag","embeddable":true,"href":"https:\/\/ugelchucuito.edu.pe\/portal\/wp-json\/wp\/v2\/tags?post=1392"}],"curies":[{"name":"wp","href":"https:\/\/api.w.org\/{rel}","templated":true}]}}