{"id":13988,"date":"2021-05-13T22:00:58","date_gmt":"2021-05-14T03:00:58","guid":{"rendered":"http:\/\/ugelchucuito.edu.pe\/portal\/?p=13988"},"modified":"2021-05-16T15:40:07","modified_gmt":"2021-05-16T20:40:07","slug":"convocatoria-al-ciclo-virtual-para-el-fortalecimiento-de-las-habilidades-digitales","status":"publish","type":"post","link":"https:\/\/ugelchucuito.edu.pe\/portal\/2021\/05\/13\/convocatoria-al-ciclo-virtual-para-el-fortalecimiento-de-las-habilidades-digitales\/","title":{"rendered":"CONVOCATORIA AL CICLO VIRTUAL PARA EL FORTALECIMIENTO DE LAS HABILIDADES DIGITALES"},"content":{"rendered":"\n<p>Se convoca a todos los docentes del Nivel Secundaria, de las \u00e1reas: Ciencia y Tecnolog\u00eda, Matem\u00e1tica, Comunicaci\u00f3n, y Ciencias Sociales al desarrollo del ciclo virtual de <strong><em>fortalecimiento de las habilidades digitales en aplicaciones educativas de las tabletas y herramientas Web<\/em><\/strong>, los mismos que se desarrollar\u00e1n durante los meses de mayo, junio y julio, con una duraci\u00f3n total de 40 horas cronol\u00f3gicas y en horario de 6:00 p.m. a 8:00 p.m. todos los lunes y mi\u00e9rcoles.<\/p>\n\n\n\n<div class=\"wp-block-file\"><a href=\"https:\/\/ugelchucuito.edu.pe\/portal\/wp-content\/uploads\/2021\/05\/Descargar-OFICIO-DE-CONVOCATORIA-PARA-EL-FORTALECIMIENTO-DE-HABILIDADES-DIGITALES.pdf\">Descargar-OFICIO-DE-CONVOCATORIA-PARA-EL-FORTALECIMIENTO-DE-HABILIDADES-DIGITALES<\/a><a href=\"https:\/\/ugelchucuito.edu.pe\/portal\/wp-content\/uploads\/2021\/05\/Descargar-OFICIO-DE-CONVOCATORIA-PARA-EL-FORTALECIMIENTO-DE-HABILIDADES-DIGITALES.pdf\" class=\"wp-block-file__button\" download>Descarga<\/a><\/div>\n\n\n\n<div class=\"wp-block-file\"><a href=\"https:\/\/ugelchucuito.edu.pe\/portal\/wp-content\/uploads\/2021\/05\/CRONOGRAMA-DEL-CICLO-VIRTUAL.pdf\">CRONOGRAMA-DEL-CICLO-VIRTUAL<\/a><a href=\"https:\/\/ugelchucuito.edu.pe\/portal\/wp-content\/uploads\/2021\/05\/CRONOGRAMA-DEL-CICLO-VIRTUAL.pdf\" class=\"wp-block-file__button\" download>Descarga<\/a><\/div>\n","protected":false},"excerpt":{"rendered":"<p>Se convoca a todos los docentes del Nivel Secundaria, de las \u00e1reas: Ciencia y Tecnolog\u00eda, Matem\u00e1tica, Comunicaci\u00f3n, y Ciencias Sociales al desarrollo del ciclo virtual de fortalecimiento de las habilidades digitales en aplicaciones educativas de las tabletas y herramientas Web, los mismos que se desarrollar\u00e1n durante los meses de mayo, junio y julio, con una [&hellip;]<\/p>\n","protected":false},"author":2,"featured_media":0,"comment_status":"open","ping_status":"open","sticky":false,"template":"","format":"standard","meta":{"footnotes":""},"categories":[],"tags":[],"class_list":["post-13988","post","type-post","status-publish","format-standard","hentry"],"_links":{"self":[{"href":"https:\/\/ugelchucuito.edu.pe\/portal\/wp-json\/wp\/v2\/posts\/13988","targetHints":{"allow":["GET"]}}],"collection":[{"href":"https:\/\/ugelchucuito.edu.pe\/portal\/wp-json\/wp\/v2\/posts"}],"about":[{"href":"https:\/\/ugelchucuito.edu.pe\/portal\/wp-json\/wp\/v2\/types\/post"}],"author":[{"embeddable":true,"href":"https:\/\/ugelchucuito.edu.pe\/portal\/wp-json\/wp\/v2\/users\/2"}],"replies":[{"embeddable":true,"href":"https:\/\/ugelchucuito.edu.pe\/portal\/wp-json\/wp\/v2\/comments?post=13988"}],"version-history":[{"count":3,"href":"https:\/\/ugelchucuito.edu.pe\/portal\/wp-json\/wp\/v2\/posts\/13988\/revisions"}],"predecessor-version":[{"id":14014,"href":"https:\/\/ugelchucuito.edu.pe\/portal\/wp-json\/wp\/v2\/posts\/13988\/revisions\/14014"}],"wp:attachment":[{"href":"https:\/\/ugelchucuito.edu.pe\/portal\/wp-json\/wp\/v2\/media?parent=13988"}],"wp:term":[{"taxonomy":"category","embeddable":true,"href":"https:\/\/ugelchucuito.edu.pe\/portal\/wp-json\/wp\/v2\/categories?post=13988"},{"taxonomy":"post_tag","embeddable":true,"href":"https:\/\/ugelchucuito.edu.pe\/portal\/wp-json\/wp\/v2\/tags?post=13988"}],"curies":[{"name":"wp","href":"https:\/\/api.w.org\/{rel}","templated":true}]}}