{"id":1405,"date":"2017-12-02T21:47:52","date_gmt":"2017-12-03T02:47:52","guid":{"rendered":"http:\/\/ugelchucuito.edu.pe\/portal\/?p=1405"},"modified":"2017-12-02T21:52:51","modified_gmt":"2017-12-03T02:52:51","slug":"tercer-dia-del-i-congreso-de-profesores-de-matematica-ugel-chucuito","status":"publish","type":"post","link":"https:\/\/ugelchucuito.edu.pe\/portal\/2017\/12\/02\/tercer-dia-del-i-congreso-de-profesores-de-matematica-ugel-chucuito\/","title":{"rendered":"TERCER D\u00cdA DEL I CONGRESO DE PROFESORES DE MATEM\u00c1TICA UGEL CHUCUITO"},"content":{"rendered":"<p>Estimados colegas, el d\u00eda de ma\u00f1ana domingo 03 de diciembre, se desarrollar\u00e1 el tercer d\u00eda de tu I CONGRESO DE PROFESORES DE MATEM\u00c1TICA DE LA UGEL CHUCUITO, a partir de las 9:00 am en el sal\u00f3n de usos m\u00faltiples del Museo Municipal de la MPCH Juli, con la participaci\u00f3n del especialista de matem\u00e1tica del MINEDU PEDRO DAVID COLLANQUI DIAZ.<\/p>\n<p>Competencias matem\u00e1ticas a desarrollar:<\/p>\n<p>Act\u00faa y piensa\u00a0matem\u00e1ticamente en\u00a0situaciones de gesti\u00f3n de\u00a0datos e incertidumbre y<\/p>\n<p>Act\u00faa y piensa\u00a0matem\u00e1ticamente en\u00a0situaciones de forma,\u00a0movimiento y\u00a0localizaci\u00f3n.<\/p>\n<h1 id=\"frase\" class=\"ptsans\" align=\"center\">\u00abMe lo contaron y lo olvid\u00e9; lo vi y lo entend\u00ed; lo hice y lo aprend\u00ed\u00bb<\/h1>\n<p id=\"autor\" class=\"ptsans\" align=\"center\"><a href=\"http:\/\/www.frasedehoy.com\/autor\/32\/confucio\">Confucio<\/a><\/p>\n<p>&nbsp;<\/p>\n<p>&nbsp;<\/p>\n","protected":false},"excerpt":{"rendered":"<p>Estimados colegas, el d\u00eda de ma\u00f1ana domingo 03 de diciembre, se desarrollar\u00e1 el tercer d\u00eda de tu I CONGRESO DE PROFESORES DE MATEM\u00c1TICA DE LA UGEL CHUCUITO, a partir de las 9:00 am en el sal\u00f3n de usos m\u00faltiples del Museo Municipal de la MPCH Juli, con la participaci\u00f3n del especialista de matem\u00e1tica del MINEDU [&hellip;]<\/p>\n","protected":false},"author":2,"featured_media":0,"comment_status":"open","ping_status":"open","sticky":false,"template":"","format":"standard","meta":{"footnotes":""},"categories":[],"tags":[],"class_list":["post-1405","post","type-post","status-publish","format-standard","hentry"],"_links":{"self":[{"href":"https:\/\/ugelchucuito.edu.pe\/portal\/wp-json\/wp\/v2\/posts\/1405","targetHints":{"allow":["GET"]}}],"collection":[{"href":"https:\/\/ugelchucuito.edu.pe\/portal\/wp-json\/wp\/v2\/posts"}],"about":[{"href":"https:\/\/ugelchucuito.edu.pe\/portal\/wp-json\/wp\/v2\/types\/post"}],"author":[{"embeddable":true,"href":"https:\/\/ugelchucuito.edu.pe\/portal\/wp-json\/wp\/v2\/users\/2"}],"replies":[{"embeddable":true,"href":"https:\/\/ugelchucuito.edu.pe\/portal\/wp-json\/wp\/v2\/comments?post=1405"}],"version-history":[{"count":3,"href":"https:\/\/ugelchucuito.edu.pe\/portal\/wp-json\/wp\/v2\/posts\/1405\/revisions"}],"predecessor-version":[{"id":1408,"href":"https:\/\/ugelchucuito.edu.pe\/portal\/wp-json\/wp\/v2\/posts\/1405\/revisions\/1408"}],"wp:attachment":[{"href":"https:\/\/ugelchucuito.edu.pe\/portal\/wp-json\/wp\/v2\/media?parent=1405"}],"wp:term":[{"taxonomy":"category","embeddable":true,"href":"https:\/\/ugelchucuito.edu.pe\/portal\/wp-json\/wp\/v2\/categories?post=1405"},{"taxonomy":"post_tag","embeddable":true,"href":"https:\/\/ugelchucuito.edu.pe\/portal\/wp-json\/wp\/v2\/tags?post=1405"}],"curies":[{"name":"wp","href":"https:\/\/api.w.org\/{rel}","templated":true}]}}