{"id":14115,"date":"2021-05-27T14:57:00","date_gmt":"2021-05-27T19:57:00","guid":{"rendered":"http:\/\/ugelchucuito.edu.pe\/portal\/?p=14115"},"modified":"2021-05-27T14:57:02","modified_gmt":"2021-05-27T19:57:02","slug":"del-02-al-09-de-junio-se-inicia-el-tramo-de-capacitacion-y-asistencia-tecnica-sobre-abordaje-de-la-violencia-adaptada-a-la-educacion-a-distancia","status":"publish","type":"post","link":"https:\/\/ugelchucuito.edu.pe\/portal\/2021\/05\/27\/del-02-al-09-de-junio-se-inicia-el-tramo-de-capacitacion-y-asistencia-tecnica-sobre-abordaje-de-la-violencia-adaptada-a-la-educacion-a-distancia\/","title":{"rendered":"DEL 02 AL 09 DE JUNIO SE INICIA EL TRAMO DE CAPACITACI\u00d3N Y  ASISTENCIA T\u00c9CNICA SOBRE: ABORDAJE  DE LA  VIOLENCIA ADAPTADA A LA EDUCACI\u00d3N A DISTANCIA."},"content":{"rendered":"\n<div class=\"wp-block-file\"><a href=\"https:\/\/ugelchucuito.edu.pe\/portal\/wp-content\/uploads\/2021\/05\/CONVIVENCIA-JUNIO.pdf\">CONVIVENCIA-JUNIO<\/a><a href=\"https:\/\/ugelchucuito.edu.pe\/portal\/wp-content\/uploads\/2021\/05\/CONVIVENCIA-JUNIO.pdf\" class=\"wp-block-file__button\" download>Descarga<\/a><\/div>\n","protected":false},"excerpt":{"rendered":"","protected":false},"author":212,"featured_media":0,"comment_status":"open","ping_status":"open","sticky":false,"template":"","format":"standard","meta":{"footnotes":""},"categories":[],"tags":[],"class_list":["post-14115","post","type-post","status-publish","format-standard","hentry"],"_links":{"self":[{"href":"https:\/\/ugelchucuito.edu.pe\/portal\/wp-json\/wp\/v2\/posts\/14115","targetHints":{"allow":["GET"]}}],"collection":[{"href":"https:\/\/ugelchucuito.edu.pe\/portal\/wp-json\/wp\/v2\/posts"}],"about":[{"href":"https:\/\/ugelchucuito.edu.pe\/portal\/wp-json\/wp\/v2\/types\/post"}],"author":[{"embeddable":true,"href":"https:\/\/ugelchucuito.edu.pe\/portal\/wp-json\/wp\/v2\/users\/212"}],"replies":[{"embeddable":true,"href":"https:\/\/ugelchucuito.edu.pe\/portal\/wp-json\/wp\/v2\/comments?post=14115"}],"version-history":[{"count":2,"href":"https:\/\/ugelchucuito.edu.pe\/portal\/wp-json\/wp\/v2\/posts\/14115\/revisions"}],"predecessor-version":[{"id":14119,"href":"https:\/\/ugelchucuito.edu.pe\/portal\/wp-json\/wp\/v2\/posts\/14115\/revisions\/14119"}],"wp:attachment":[{"href":"https:\/\/ugelchucuito.edu.pe\/portal\/wp-json\/wp\/v2\/media?parent=14115"}],"wp:term":[{"taxonomy":"category","embeddable":true,"href":"https:\/\/ugelchucuito.edu.pe\/portal\/wp-json\/wp\/v2\/categories?post=14115"},{"taxonomy":"post_tag","embeddable":true,"href":"https:\/\/ugelchucuito.edu.pe\/portal\/wp-json\/wp\/v2\/tags?post=14115"}],"curies":[{"name":"wp","href":"https:\/\/api.w.org\/{rel}","templated":true}]}}