{"id":1432,"date":"2017-12-11T20:08:52","date_gmt":"2017-12-12T01:08:52","guid":{"rendered":"http:\/\/ugelchucuito.edu.pe\/portal\/?p=1432"},"modified":"2017-12-12T00:37:03","modified_gmt":"2017-12-12T05:37:03","slug":"comunicado-reprogramacion-del-taller-de-educacion-fisica-y-arte-2017","status":"publish","type":"post","link":"https:\/\/ugelchucuito.edu.pe\/portal\/2017\/12\/11\/comunicado-reprogramacion-del-taller-de-educacion-fisica-y-arte-2017\/","title":{"rendered":"REPROGRAMACI\u00d3N DEL TALLER DE EDUCACI\u00d3N F\u00cdSICA Y ARTE 2017"},"content":{"rendered":"<h1 style=\"text-align: center;\"><a href=\"http:\/\/ugelchucuito.edu.pe\/portal\/wp-content\/uploads\/2017\/12\/oficio-taller-fisica-y-arte.pdf\" target=\"_blank\" rel=\"noopener\">DESCARGAR OFICIO DE CONVOCATORIA<\/a><\/h1>\n<h2>Se comunica que la capacitaci\u00f3n para los profesores del \u00e1rea de Educaci\u00f3n F\u00edsica y Arte se esta reprogramando para el d\u00eda <span style=\"color: #ff0000;\">viernes 15 del presente mes a horas 9:00 a.m. en la IEP N\u00ba 70175 \u00abSan Juan Bosco\u00bb de Juli.<\/span><\/h2>\n<p style=\"text-align: right;\">Especialista de Cultura y Deporte<\/p>\n","protected":false},"excerpt":{"rendered":"<p>DESCARGAR OFICIO DE CONVOCATORIA Se comunica que la capacitaci\u00f3n para los profesores del \u00e1rea de Educaci\u00f3n F\u00edsica y Arte se esta reprogramando para el d\u00eda viernes 15 del presente mes a horas 9:00 a.m. en la IEP N\u00ba 70175 \u00abSan Juan Bosco\u00bb de Juli. Especialista de Cultura y Deporte<\/p>\n","protected":false},"author":1,"featured_media":0,"comment_status":"open","ping_status":"open","sticky":false,"template":"","format":"standard","meta":{"footnotes":""},"categories":[],"tags":[],"class_list":["post-1432","post","type-post","status-publish","format-standard","hentry"],"_links":{"self":[{"href":"https:\/\/ugelchucuito.edu.pe\/portal\/wp-json\/wp\/v2\/posts\/1432","targetHints":{"allow":["GET"]}}],"collection":[{"href":"https:\/\/ugelchucuito.edu.pe\/portal\/wp-json\/wp\/v2\/posts"}],"about":[{"href":"https:\/\/ugelchucuito.edu.pe\/portal\/wp-json\/wp\/v2\/types\/post"}],"author":[{"embeddable":true,"href":"https:\/\/ugelchucuito.edu.pe\/portal\/wp-json\/wp\/v2\/users\/1"}],"replies":[{"embeddable":true,"href":"https:\/\/ugelchucuito.edu.pe\/portal\/wp-json\/wp\/v2\/comments?post=1432"}],"version-history":[{"count":3,"href":"https:\/\/ugelchucuito.edu.pe\/portal\/wp-json\/wp\/v2\/posts\/1432\/revisions"}],"predecessor-version":[{"id":1472,"href":"https:\/\/ugelchucuito.edu.pe\/portal\/wp-json\/wp\/v2\/posts\/1432\/revisions\/1472"}],"wp:attachment":[{"href":"https:\/\/ugelchucuito.edu.pe\/portal\/wp-json\/wp\/v2\/media?parent=1432"}],"wp:term":[{"taxonomy":"category","embeddable":true,"href":"https:\/\/ugelchucuito.edu.pe\/portal\/wp-json\/wp\/v2\/categories?post=1432"},{"taxonomy":"post_tag","embeddable":true,"href":"https:\/\/ugelchucuito.edu.pe\/portal\/wp-json\/wp\/v2\/tags?post=1432"}],"curies":[{"name":"wp","href":"https:\/\/api.w.org\/{rel}","templated":true}]}}