{"id":1447,"date":"2018-01-06T09:00:40","date_gmt":"2018-01-06T14:00:40","guid":{"rendered":"http:\/\/ugelchucuito.edu.pe\/portal\/?p=1447"},"modified":"2018-01-06T09:20:47","modified_gmt":"2018-01-06T14:20:47","slug":"proceso-de-inscripcion-a-los-coar-2018","status":"publish","type":"post","link":"https:\/\/ugelchucuito.edu.pe\/portal\/2018\/01\/06\/proceso-de-inscripcion-a-los-coar-2018\/","title":{"rendered":"PROCESO DE INSCRIPCI\u00d3N A LOS COAR 2018"},"content":{"rendered":"<p>Saludos,<\/p>\n<p>Estimados(as) colegas, estudiantes y padres de familia.<\/p>\n<p>Se\u00a0inici\u00f3\u00a0el proceso inscripci\u00f3n para de admisi\u00f3n al COAR. (desde el 11 de diciembre de 2017 hasta el 19 de enero de 2018 conforme a <a href=\"http:\/\/ugelchucuito.edu.pe\/portal\/wp-content\/uploads\/2017\/12\/Prospecto-coar-2018.pdf\" target=\"_blank\" rel=\"noopener\">prospecto de admisis\u00f3n adjunto<\/a>)<\/p>\n<div>El proceso consta de\u00a0los siguientes\u00a0pasos: (conforme a <a href=\"http:\/\/ugelchucuito.edu.pe\/portal\/wp-content\/uploads\/2017\/12\/3.-Proceso-de-Inscripcion.pdf\" target=\"_blank\" rel=\"noopener\">instructivo<\/a> adjunto)<\/div>\n<div><\/div>\n<div>1) El director (a) de la IE recibir\u00e1 la\u00a0<a href=\"http:\/\/ugelchucuito.edu.pe\/portal\/wp-content\/uploads\/2017\/12\/2.-ficha-de-inscripcion-coar-2018.pdf\" target=\"_blank\" rel=\"noopener\"><b>ficha de\u00a0<\/b><b>inscripci\u00f3n<\/b><\/a>\u00a0(adjunto en este mensaje)\u00a0<b>completa y\u00a0<\/b><b>correctamente llenada y firmadas<\/b>\u00a0por el padre, tutor legal\u00a0 o apoderado, adem\u00e1s\u00a0se deber\u00e1 incluir una copia del DNI o carn\u00e9 de\u00a0extranjer\u00eda del postulante. Si el padre de familia o estudiante no tiene una cuenta de correo electr\u00f3nico ser\u00e1 necesario crearlo.<\/div>\n<div><\/div>\n<div>2) El director (a)\u00a0 de la IE adjuntar\u00e1 a los documentos\u00a0el\u00a0<b>acta de sesi\u00f3n<\/b>\u00a0que\u00a0acredite\u00a0el promedio igual\u00a0o mayor a 15,00 y su ubicaci\u00f3n entre los diez\u00a0primeros puestos del primer grado de secundaria\u00a0en el a\u00f1o 2016 o haber obtenido uno de los cinco\u00a0primeros puestos en concursos convocados a nivel\u00a0nacional por el Minedu entre los a\u00f1os 2016 y 2017. Adem\u00e1s de adjuntar\u00a0una\u00a0<b>constancia que acredite\u00a0<\/b><b>matr\u00edcula en el segundo grado de secundaria\u00a0durante el a\u00f1o lectivo 2017 en una instituci\u00f3n\u00a0<\/b><b>educativa p\u00fablica.<\/b>\u00a0Esta podr\u00e1 ser la constancia de\u00a0matr\u00edcula del SIAGIE o la n\u00f3mina de matr\u00edcula.<\/div>\n<div>\n<div>3) El director (a)\u00a0 de la IE\u00a0<b>entregar\u00e1 los expedientes\u00a0<\/b><b>de los postulantes a la UGEL<\/b>\u00a0a la que pertenece la\u00a0IE de origen, mediante mesa de partes, para el especialista de la UGEL quien ser\u00e1 el\u00a0encargado de revisar la adecuada presentaci\u00f3n de la documentaci\u00f3n y dar la conformidad respectiva para llevar\u00a0a cabo la inscripci\u00f3n.<\/div>\n<div><\/div>\n<div>Agradezco de sobre manera contribuir con las pretensiones\u00a0que\u00a0tienen\u00a0algunos(as) de nuestros(as) estudiantes.<\/div>\n<div><\/div>\n<div>Atentamente,<\/div>\n<div>Albert Chata Mamani.<\/div>\n<div><strong>albertchata@hotmail.com<\/strong><\/div>\n<div>930939983<\/div>\n<\/div>\n<div><\/div>\n<div>DESCARGAR <a href=\"http:\/\/ugelchucuito.edu.pe\/portal\/wp-content\/uploads\/2017\/12\/Prospecto-coar-2018.pdf\" target=\"_blank\" rel=\"noopener\">PROSPECTO<\/a><\/div>\n<div>DESCARGAR <a href=\"http:\/\/ugelchucuito.edu.pe\/portal\/wp-content\/uploads\/2017\/12\/3.-Proceso-de-Inscripcion.pdf\" target=\"_blank\" rel=\"noopener\">INSTRUCCIONES<\/a><\/div>\n<div>DESCARGAR <a href=\"http:\/\/ugelchucuito.edu.pe\/portal\/wp-content\/uploads\/2017\/12\/2.-ficha-de-inscripcion-coar-2018.pdf\" target=\"_blank\" rel=\"noopener\">FICHA DE INSCRIPCI\u00d3N<\/a><\/div>\n","protected":false},"excerpt":{"rendered":"<p>Saludos, Estimados(as) colegas, estudiantes y padres de familia. Se\u00a0inici\u00f3\u00a0el proceso inscripci\u00f3n para de admisi\u00f3n al COAR. (desde el 11 de diciembre de 2017 hasta el 19 de enero de 2018 conforme a prospecto de admisis\u00f3n adjunto) El proceso consta de\u00a0los siguientes\u00a0pasos: (conforme a instructivo adjunto) 1) El director (a) de la IE recibir\u00e1 la\u00a0ficha de\u00a0inscripci\u00f3n\u00a0(adjunto [&hellip;]<\/p>\n","protected":false},"author":2,"featured_media":0,"comment_status":"open","ping_status":"open","sticky":false,"template":"","format":"standard","meta":{"footnotes":""},"categories":[],"tags":[],"class_list":["post-1447","post","type-post","status-publish","format-standard","hentry"],"_links":{"self":[{"href":"https:\/\/ugelchucuito.edu.pe\/portal\/wp-json\/wp\/v2\/posts\/1447","targetHints":{"allow":["GET"]}}],"collection":[{"href":"https:\/\/ugelchucuito.edu.pe\/portal\/wp-json\/wp\/v2\/posts"}],"about":[{"href":"https:\/\/ugelchucuito.edu.pe\/portal\/wp-json\/wp\/v2\/types\/post"}],"author":[{"embeddable":true,"href":"https:\/\/ugelchucuito.edu.pe\/portal\/wp-json\/wp\/v2\/users\/2"}],"replies":[{"embeddable":true,"href":"https:\/\/ugelchucuito.edu.pe\/portal\/wp-json\/wp\/v2\/comments?post=1447"}],"version-history":[{"count":1,"href":"https:\/\/ugelchucuito.edu.pe\/portal\/wp-json\/wp\/v2\/posts\/1447\/revisions"}],"predecessor-version":[{"id":1450,"href":"https:\/\/ugelchucuito.edu.pe\/portal\/wp-json\/wp\/v2\/posts\/1447\/revisions\/1450"}],"wp:attachment":[{"href":"https:\/\/ugelchucuito.edu.pe\/portal\/wp-json\/wp\/v2\/media?parent=1447"}],"wp:term":[{"taxonomy":"category","embeddable":true,"href":"https:\/\/ugelchucuito.edu.pe\/portal\/wp-json\/wp\/v2\/categories?post=1447"},{"taxonomy":"post_tag","embeddable":true,"href":"https:\/\/ugelchucuito.edu.pe\/portal\/wp-json\/wp\/v2\/tags?post=1447"}],"curies":[{"name":"wp","href":"https:\/\/api.w.org\/{rel}","templated":true}]}}