{"id":14495,"date":"2021-07-09T11:27:26","date_gmt":"2021-07-09T16:27:26","guid":{"rendered":"http:\/\/ugelchucuito.edu.pe\/portal\/?p=14495"},"modified":"2021-07-09T11:31:59","modified_gmt":"2021-07-09T16:31:59","slug":"asistencia-tecnica-virtual-para-directivos-del-nivel-secundaria","status":"publish","type":"post","link":"https:\/\/ugelchucuito.edu.pe\/portal\/2021\/07\/09\/asistencia-tecnica-virtual-para-directivos-del-nivel-secundaria\/","title":{"rendered":"Lunes 12 de julio: ASISTENCIA T\u00c9CNICA VIRTUAL PARA DIRECTIVOS DEL NIVEL SECUNDARIA"},"content":{"rendered":"\n<p>Estimados directivos del nivel secundaria de la UGEL Chucuito, reciban un cordial saludo y fraterno abrazo.<\/p>\n\n\n\n<p>Los invitamos a la Asistencia T\u00e9cnica Virtual para Directivos del nivel secundaria que se llevar\u00e1 a cabo conforme a siguiente detalle:<\/p>\n\n\n\n<p>-TEMA : <strong>REFUERZO ESCOLAR Y KIT DE EVALUACI\u00d3N DIAGN\u00d3STICA<\/strong><\/p>\n\n\n\n<p><strong>OBJETIVO DE LA ATV:<\/strong><\/p>\n\n\n\n<p>Socializar con directivos de IIEE Secundarias las ideas claves y recursos educativos sobre el refuerzo escolar y la aplicaci\u00f3n del kit de evaluaci\u00f3n diagn\u00f3stica.<\/p>\n\n\n\n<p><strong>FECHA \u00a0\u00a0\u00a0\u00a0\u00a0\u00a0\u00a0\u00a0 \u00a0\u00a0 : Lunes 12 de Julio de 2021<\/strong><\/p>\n\n\n\n<p><strong>HORA \u00a0\u00a0\u00a0\u00a0\u00a0\u00a0\u00a0\u00a0\u00a0  \u00a0\u00a0 : 4:00 pm<\/strong><\/p>\n\n\n\n<p><strong>LUGAR\u00a0\u00a0\u00a0\u00a0\u00a0\u00a0\u00a0\u00a0\u00a0\u00a0\u00a0  : Sala Virtual Meet: <\/strong><a rel=\"noreferrer noopener\" href=\"https:\/\/meet.google.com\/zsc-vaip-nid?hs=122&amp;authuser=0\" target=\"_blank\">meet.google.com\/zsc-vaip-nid<\/a><\/p>\n\n\n\n<p>Los esperamos.<\/p>\n","protected":false},"excerpt":{"rendered":"<p>Estimados directivos del nivel secundaria de la UGEL Chucuito, reciban un cordial saludo y fraterno abrazo. Los invitamos a la Asistencia T\u00e9cnica Virtual para Directivos del nivel secundaria que se llevar\u00e1 a cabo conforme a siguiente detalle: -TEMA : REFUERZO ESCOLAR Y KIT DE EVALUACI\u00d3N DIAGN\u00d3STICA OBJETIVO DE LA ATV: Socializar con directivos de IIEE [&hellip;]<\/p>\n","protected":false},"author":2,"featured_media":0,"comment_status":"open","ping_status":"open","sticky":false,"template":"","format":"standard","meta":{"footnotes":""},"categories":[],"tags":[],"class_list":["post-14495","post","type-post","status-publish","format-standard","hentry"],"_links":{"self":[{"href":"https:\/\/ugelchucuito.edu.pe\/portal\/wp-json\/wp\/v2\/posts\/14495","targetHints":{"allow":["GET"]}}],"collection":[{"href":"https:\/\/ugelchucuito.edu.pe\/portal\/wp-json\/wp\/v2\/posts"}],"about":[{"href":"https:\/\/ugelchucuito.edu.pe\/portal\/wp-json\/wp\/v2\/types\/post"}],"author":[{"embeddable":true,"href":"https:\/\/ugelchucuito.edu.pe\/portal\/wp-json\/wp\/v2\/users\/2"}],"replies":[{"embeddable":true,"href":"https:\/\/ugelchucuito.edu.pe\/portal\/wp-json\/wp\/v2\/comments?post=14495"}],"version-history":[{"count":4,"href":"https:\/\/ugelchucuito.edu.pe\/portal\/wp-json\/wp\/v2\/posts\/14495\/revisions"}],"predecessor-version":[{"id":14499,"href":"https:\/\/ugelchucuito.edu.pe\/portal\/wp-json\/wp\/v2\/posts\/14495\/revisions\/14499"}],"wp:attachment":[{"href":"https:\/\/ugelchucuito.edu.pe\/portal\/wp-json\/wp\/v2\/media?parent=14495"}],"wp:term":[{"taxonomy":"category","embeddable":true,"href":"https:\/\/ugelchucuito.edu.pe\/portal\/wp-json\/wp\/v2\/categories?post=14495"},{"taxonomy":"post_tag","embeddable":true,"href":"https:\/\/ugelchucuito.edu.pe\/portal\/wp-json\/wp\/v2\/tags?post=14495"}],"curies":[{"name":"wp","href":"https:\/\/api.w.org\/{rel}","templated":true}]}}