{"id":14640,"date":"2021-07-16T08:46:33","date_gmt":"2021-07-16T13:46:33","guid":{"rendered":"http:\/\/ugelchucuito.edu.pe\/portal\/?p=14640"},"modified":"2021-07-17T21:17:46","modified_gmt":"2021-07-18T02:17:46","slug":"conversatorio-virtual-construyendo-nacion-desde-mi-pueblo","status":"publish","type":"post","link":"https:\/\/ugelchucuito.edu.pe\/portal\/2021\/07\/16\/conversatorio-virtual-construyendo-nacion-desde-mi-pueblo\/","title":{"rendered":"CONVERSATORIO VIRTUAL 19 Y 22 DE JULIO"},"content":{"rendered":"\n<p><strong>La Unidad de Gesti\u00f3n  Educativa Local   Chucuito &#8211; Juli, se complace en  invitar  a usted, al  Conversatorio  Virtual \u00bb CONSTRUYENDO NACI\u00d3N  DESDE MI PUEBLO\u00bb.<\/strong><\/p>\n\n\n\n<p>Evento  que  se llevar\u00e1  a cabo  los d\u00edas  lunes 19 y  jueves 22 de  julio a horas  3.00 p.m.  A  trav\u00e9s de la plataforma Zoom y  que contar\u00e1 con la  participaci\u00f3n  de destacadas autoridades y representantes de la  sociedad civil, con quienes abordaremos : <strong>La trascendencia de los 200<\/strong> <strong>a\u00f1os de independencia en el Per\u00fa:  \u00bfQue  significado tiene la independencia del Per\u00fa,  analizado desde la  \u00f3ptica  de nuestros  invitados.<\/strong><\/p>\n\n\n\n<p>As\u00ed mismo debemos  destacar que  el Conversatorio es un evento  gratuito y  que  al finalizar  las dos fechas  de la actividad,  el participante podr\u00e1 acceder a   la certificaci\u00f3n . <\/p>\n\n\n\n<figure class=\"wp-block-embed\"><div class=\"wp-block-embed__wrapper\">\nhttps:\/\/us02web.zoom.us\/j\/82575339310?pwd=ajU3aHBVTkZYWVRMQ0tqTTNWUXpaUT09\n<\/div><\/figure>\n\n\n\n<p>UGEL CHUCUITO le est\u00e1 invitando a una reuni\u00f3n de Zoom programada.<\/p>\n\n\n\n<p>Tema: Conversatorio Virtual \u00abConstruyendo Naci\u00f3n desde mi Pueblo\u00bb<\/p>\n\n\n\n<pre class=\"wp-block-code\"><code>    19 jul. 2021 03:00 p.&amp;nbsp;m.\n    22 jul. 2021 03:00 p.&amp;nbsp;m.<\/code><\/pre>\n\n\n\n<p>Unirse a la reuni\u00f3n Zoom<br>https:\/\/us02web.zoom.us\/j\/82575339310?pwd=ajU3aHBVTkZYWVRMQ0tqTTNWUXpaUT09<\/p>\n\n\n\n<p>ID de reuni\u00f3n: 825 7533 9310<br>C\u00f3digo de acceso: 510459<\/p>\n","protected":false},"excerpt":{"rendered":"<p>La Unidad de Gesti\u00f3n Educativa Local Chucuito &#8211; Juli, se complace en invitar a usted, al Conversatorio Virtual \u00bb CONSTRUYENDO NACI\u00d3N DESDE MI PUEBLO\u00bb. Evento que se llevar\u00e1 a cabo los d\u00edas lunes 19 y jueves 22 de julio a horas 3.00 p.m. A trav\u00e9s de la plataforma Zoom y que contar\u00e1 con la participaci\u00f3n [&hellip;]<\/p>\n","protected":false},"author":212,"featured_media":0,"comment_status":"open","ping_status":"open","sticky":false,"template":"","format":"standard","meta":{"footnotes":""},"categories":[],"tags":[],"class_list":["post-14640","post","type-post","status-publish","format-standard","hentry"],"_links":{"self":[{"href":"https:\/\/ugelchucuito.edu.pe\/portal\/wp-json\/wp\/v2\/posts\/14640","targetHints":{"allow":["GET"]}}],"collection":[{"href":"https:\/\/ugelchucuito.edu.pe\/portal\/wp-json\/wp\/v2\/posts"}],"about":[{"href":"https:\/\/ugelchucuito.edu.pe\/portal\/wp-json\/wp\/v2\/types\/post"}],"author":[{"embeddable":true,"href":"https:\/\/ugelchucuito.edu.pe\/portal\/wp-json\/wp\/v2\/users\/212"}],"replies":[{"embeddable":true,"href":"https:\/\/ugelchucuito.edu.pe\/portal\/wp-json\/wp\/v2\/comments?post=14640"}],"version-history":[{"count":4,"href":"https:\/\/ugelchucuito.edu.pe\/portal\/wp-json\/wp\/v2\/posts\/14640\/revisions"}],"predecessor-version":[{"id":14646,"href":"https:\/\/ugelchucuito.edu.pe\/portal\/wp-json\/wp\/v2\/posts\/14640\/revisions\/14646"}],"wp:attachment":[{"href":"https:\/\/ugelchucuito.edu.pe\/portal\/wp-json\/wp\/v2\/media?parent=14640"}],"wp:term":[{"taxonomy":"category","embeddable":true,"href":"https:\/\/ugelchucuito.edu.pe\/portal\/wp-json\/wp\/v2\/categories?post=14640"},{"taxonomy":"post_tag","embeddable":true,"href":"https:\/\/ugelchucuito.edu.pe\/portal\/wp-json\/wp\/v2\/tags?post=14640"}],"curies":[{"name":"wp","href":"https:\/\/api.w.org\/{rel}","templated":true}]}}