{"id":14655,"date":"2021-07-20T21:59:45","date_gmt":"2021-07-21T02:59:45","guid":{"rendered":"http:\/\/ugelchucuito.edu.pe\/portal\/?p=14655"},"modified":"2021-07-20T21:59:46","modified_gmt":"2021-07-21T02:59:46","slug":"se-inicia-vacunacion-a-docentes-de-zonas-rurales-de-la-ugel-chucuito-juli","status":"publish","type":"post","link":"https:\/\/ugelchucuito.edu.pe\/portal\/2021\/07\/20\/se-inicia-vacunacion-a-docentes-de-zonas-rurales-de-la-ugel-chucuito-juli\/","title":{"rendered":"SE INICIA VACUNACI\u00d3N A DOCENTES DE  ZONAS RURALES DE LA UGEL CHUCUITO &#8211; JULI."},"content":{"rendered":"\n<div class=\"wp-block-file\"><a href=\"https:\/\/ugelchucuito.edu.pe\/portal\/wp-content\/uploads\/2021\/07\/Vacuna-maestros-rurales-2.jpg\">Vacuna-maestros-rurales-2<\/a><a href=\"https:\/\/ugelchucuito.edu.pe\/portal\/wp-content\/uploads\/2021\/07\/Vacuna-maestros-rurales-2.jpg\" class=\"wp-block-file__button\" download>Descarga<\/a><\/div>\n\n\n\n<p class=\"has-text-align-left\">Este mi\u00e9rcoles 21 de julio se dar\u00e1 inicio al proceso de vacunaci\u00f3n a los  maestros que est\u00e1n  considerados  dentro  de las  zonas  rurales, de la  UGEL Chucuito &#8211; Juli, en  tal  sentido   podr\u00e1n  apersonarse a la I.E.P. 71004 (892) de Juli,  a partir de la  8.00 a.m.  a 1.00 p.m  a fin de  recibir  la  dosis  de vacuna, esta actividad se extender\u00e1 hasta el d\u00eda  viernes 23 de julio, por lo que solicitamos que tomen su  previsiones, no olvide  portar sus  implementos de bioseguridad y respetemos el distanciamiento social.<\/p>\n\n\n\n<p>No Bajemos la Guardia!!!<\/p>\n","protected":false},"excerpt":{"rendered":"<p>Este mi\u00e9rcoles 21 de julio se dar\u00e1 inicio al proceso de vacunaci\u00f3n a los maestros que est\u00e1n considerados dentro de las zonas rurales, de la UGEL Chucuito &#8211; Juli, en tal sentido podr\u00e1n apersonarse a la I.E.P. 71004 (892) de Juli, a partir de la 8.00 a.m. a 1.00 p.m a fin de recibir la [&hellip;]<\/p>\n","protected":false},"author":212,"featured_media":0,"comment_status":"open","ping_status":"open","sticky":false,"template":"","format":"standard","meta":{"footnotes":""},"categories":[],"tags":[],"class_list":["post-14655","post","type-post","status-publish","format-standard","hentry"],"_links":{"self":[{"href":"https:\/\/ugelchucuito.edu.pe\/portal\/wp-json\/wp\/v2\/posts\/14655","targetHints":{"allow":["GET"]}}],"collection":[{"href":"https:\/\/ugelchucuito.edu.pe\/portal\/wp-json\/wp\/v2\/posts"}],"about":[{"href":"https:\/\/ugelchucuito.edu.pe\/portal\/wp-json\/wp\/v2\/types\/post"}],"author":[{"embeddable":true,"href":"https:\/\/ugelchucuito.edu.pe\/portal\/wp-json\/wp\/v2\/users\/212"}],"replies":[{"embeddable":true,"href":"https:\/\/ugelchucuito.edu.pe\/portal\/wp-json\/wp\/v2\/comments?post=14655"}],"version-history":[{"count":1,"href":"https:\/\/ugelchucuito.edu.pe\/portal\/wp-json\/wp\/v2\/posts\/14655\/revisions"}],"predecessor-version":[{"id":14660,"href":"https:\/\/ugelchucuito.edu.pe\/portal\/wp-json\/wp\/v2\/posts\/14655\/revisions\/14660"}],"wp:attachment":[{"href":"https:\/\/ugelchucuito.edu.pe\/portal\/wp-json\/wp\/v2\/media?parent=14655"}],"wp:term":[{"taxonomy":"category","embeddable":true,"href":"https:\/\/ugelchucuito.edu.pe\/portal\/wp-json\/wp\/v2\/categories?post=14655"},{"taxonomy":"post_tag","embeddable":true,"href":"https:\/\/ugelchucuito.edu.pe\/portal\/wp-json\/wp\/v2\/tags?post=14655"}],"curies":[{"name":"wp","href":"https:\/\/api.w.org\/{rel}","templated":true}]}}