{"id":14685,"date":"2021-07-23T22:45:00","date_gmt":"2021-07-24T03:45:00","guid":{"rendered":"http:\/\/ugelchucuito.edu.pe\/portal\/?p=14685"},"modified":"2021-07-23T22:45:03","modified_gmt":"2021-07-24T03:45:03","slug":"lunes-26-de-julio-serenata-al-peru-en-su-bicentenario-de-juli-para-el-mundo","status":"publish","type":"post","link":"https:\/\/ugelchucuito.edu.pe\/portal\/2021\/07\/23\/lunes-26-de-julio-serenata-al-peru-en-su-bicentenario-de-juli-para-el-mundo\/","title":{"rendered":"LUNES 26 DE JULIO: SERENATA AL PER\u00da, EN SU BICENTENARIO, DE JULI PARA EL  MUNDO."},"content":{"rendered":"\n<p>Como  antesala  a la  conmemoraci\u00f3n del  Bicentenario  de Independencia  del  Per\u00fa , la  Unidad de Gesti\u00f3n  Educativa Local Chucuito &#8211; Juli, invita a usted  a ser participe  de la  Serenata  Virtual al Per\u00fa, el  mismo que  contar\u00e1 con la  participaci\u00f3n  de destacadas  Instituciones educativas de nuestro  \u00e1mbito de la  provincia de Chucuito. <\/p>\n\n\n\n<p>El  evento esta  previsto para este lunes 26 de julio a  las  6.00 p.m  y  ser\u00e1  transmitido a  trav\u00e9s de las plataformas   digitales de la  UGEL Chucuito- Juli.<\/p>\n\n\n\n<p>Celebremos  Juntos, nuestro  aniversario Patrio!<\/p>\n\n\n\n<p>Los  esperamos!!!<\/p>\n","protected":false},"excerpt":{"rendered":"<p>Como antesala a la conmemoraci\u00f3n del Bicentenario de Independencia del Per\u00fa , la Unidad de Gesti\u00f3n Educativa Local Chucuito &#8211; Juli, invita a usted a ser participe de la Serenata Virtual al Per\u00fa, el mismo que contar\u00e1 con la participaci\u00f3n de destacadas Instituciones educativas de nuestro \u00e1mbito de la provincia de Chucuito. El evento esta [&hellip;]<\/p>\n","protected":false},"author":212,"featured_media":0,"comment_status":"open","ping_status":"open","sticky":false,"template":"","format":"standard","meta":{"footnotes":""},"categories":[],"tags":[],"class_list":["post-14685","post","type-post","status-publish","format-standard","hentry"],"_links":{"self":[{"href":"https:\/\/ugelchucuito.edu.pe\/portal\/wp-json\/wp\/v2\/posts\/14685","targetHints":{"allow":["GET"]}}],"collection":[{"href":"https:\/\/ugelchucuito.edu.pe\/portal\/wp-json\/wp\/v2\/posts"}],"about":[{"href":"https:\/\/ugelchucuito.edu.pe\/portal\/wp-json\/wp\/v2\/types\/post"}],"author":[{"embeddable":true,"href":"https:\/\/ugelchucuito.edu.pe\/portal\/wp-json\/wp\/v2\/users\/212"}],"replies":[{"embeddable":true,"href":"https:\/\/ugelchucuito.edu.pe\/portal\/wp-json\/wp\/v2\/comments?post=14685"}],"version-history":[{"count":1,"href":"https:\/\/ugelchucuito.edu.pe\/portal\/wp-json\/wp\/v2\/posts\/14685\/revisions"}],"predecessor-version":[{"id":14687,"href":"https:\/\/ugelchucuito.edu.pe\/portal\/wp-json\/wp\/v2\/posts\/14685\/revisions\/14687"}],"wp:attachment":[{"href":"https:\/\/ugelchucuito.edu.pe\/portal\/wp-json\/wp\/v2\/media?parent=14685"}],"wp:term":[{"taxonomy":"category","embeddable":true,"href":"https:\/\/ugelchucuito.edu.pe\/portal\/wp-json\/wp\/v2\/categories?post=14685"},{"taxonomy":"post_tag","embeddable":true,"href":"https:\/\/ugelchucuito.edu.pe\/portal\/wp-json\/wp\/v2\/tags?post=14685"}],"curies":[{"name":"wp","href":"https:\/\/api.w.org\/{rel}","templated":true}]}}