{"id":14710,"date":"2021-07-27T23:18:45","date_gmt":"2021-07-28T04:18:45","guid":{"rendered":"http:\/\/ugelchucuito.edu.pe\/portal\/?p=14710"},"modified":"2021-07-27T23:26:22","modified_gmt":"2021-07-28T04:26:22","slug":"comunicado-para-ocupar-de-manera-excepcional-el-cargo-de-jefe-de-gestion-pedagogica-ugel-chucuito-juli","status":"publish","type":"post","link":"https:\/\/ugelchucuito.edu.pe\/portal\/2021\/07\/27\/comunicado-para-ocupar-de-manera-excepcional-el-cargo-de-jefe-de-gestion-pedagogica-ugel-chucuito-juli\/","title":{"rendered":"COMUNICADO \u2013 DESIGNACI\u00d3N EXCEPCIONAL EN EL CARGO DE JEFE DE GESTI\u00d3N PEDAG\u00d3GICA. UGEL CHUCUITO JULI"},"content":{"rendered":"\n<div class=\"wp-block-file\"><a href=\"http:\/\/ugelchucuito.edu.pe\/portal\/wp-content\/uploads\/2021\/07\/COMUNICAD1.pdf\" target=\"_blank\" rel=\"noreferrer noopener\"><strong><span class=\"has-inline-color has-vivid-cyan-blue-color\">&#8211; VER COMUNICADO<\/span><\/strong><\/a><a href=\"http:\/\/ugelchucuito.edu.pe\/portal\/wp-content\/uploads\/2021\/07\/COMUNICAD1.pdf\" class=\"wp-block-file__button\" download>Descarga<\/a><\/div>\n\n\n\n<div class=\"wp-block-file\"><a href=\"http:\/\/ugelchucuito.edu.pe\/portal\/wp-content\/uploads\/2021\/07\/OFICIO_MULTIPLE-00048-2021-MINEDU-VMGP-DIGEDD.pdf\" target=\"_blank\" rel=\"noreferrer noopener\"><strong><span class=\"has-inline-color has-vivid-cyan-blue-color\">&#8211; VER OFICIO MULTIPLE N\u00b0 00048-2021-MINEDU\/VMGP-DIGEDD<\/span><\/strong><\/a><a href=\"http:\/\/ugelchucuito.edu.pe\/portal\/wp-content\/uploads\/2021\/07\/OFICIO_MULTIPLE-00048-2021-MINEDU-VMGP-DIGEDD.pdf\" class=\"wp-block-file__button\" download>Descarga<\/a><\/div>\n","protected":false},"excerpt":{"rendered":"","protected":false},"author":3,"featured_media":0,"comment_status":"open","ping_status":"open","sticky":false,"template":"","format":"standard","meta":{"footnotes":""},"categories":[],"tags":[],"class_list":["post-14710","post","type-post","status-publish","format-standard","hentry"],"_links":{"self":[{"href":"https:\/\/ugelchucuito.edu.pe\/portal\/wp-json\/wp\/v2\/posts\/14710","targetHints":{"allow":["GET"]}}],"collection":[{"href":"https:\/\/ugelchucuito.edu.pe\/portal\/wp-json\/wp\/v2\/posts"}],"about":[{"href":"https:\/\/ugelchucuito.edu.pe\/portal\/wp-json\/wp\/v2\/types\/post"}],"author":[{"embeddable":true,"href":"https:\/\/ugelchucuito.edu.pe\/portal\/wp-json\/wp\/v2\/users\/3"}],"replies":[{"embeddable":true,"href":"https:\/\/ugelchucuito.edu.pe\/portal\/wp-json\/wp\/v2\/comments?post=14710"}],"version-history":[{"count":2,"href":"https:\/\/ugelchucuito.edu.pe\/portal\/wp-json\/wp\/v2\/posts\/14710\/revisions"}],"predecessor-version":[{"id":14715,"href":"https:\/\/ugelchucuito.edu.pe\/portal\/wp-json\/wp\/v2\/posts\/14710\/revisions\/14715"}],"wp:attachment":[{"href":"https:\/\/ugelchucuito.edu.pe\/portal\/wp-json\/wp\/v2\/media?parent=14710"}],"wp:term":[{"taxonomy":"category","embeddable":true,"href":"https:\/\/ugelchucuito.edu.pe\/portal\/wp-json\/wp\/v2\/categories?post=14710"},{"taxonomy":"post_tag","embeddable":true,"href":"https:\/\/ugelchucuito.edu.pe\/portal\/wp-json\/wp\/v2\/tags?post=14710"}],"curies":[{"name":"wp","href":"https:\/\/api.w.org\/{rel}","templated":true}]}}