{"id":14743,"date":"2021-07-30T13:56:58","date_gmt":"2021-07-30T18:56:58","guid":{"rendered":"http:\/\/ugelchucuito.edu.pe\/portal\/?p=14743"},"modified":"2021-07-30T13:57:01","modified_gmt":"2021-07-30T18:57:01","slug":"amplian-cronograma-de-vacunacion-para-maestros-de-la-ugel-chucuito-juli","status":"publish","type":"post","link":"https:\/\/ugelchucuito.edu.pe\/portal\/2021\/07\/30\/amplian-cronograma-de-vacunacion-para-maestros-de-la-ugel-chucuito-juli\/","title":{"rendered":"AMPLIAN  CRONOGRAMA  DE VACUNACI\u00d3N  PARA MAESTROS DE LA  UGEL CHUCUITO-JULI"},"content":{"rendered":"<!-- [if gte mso 9]&gt;-->\n \n  \n \n<!-- [if gte mso 9]&gt;-->\n \n  Normal\n  0\n  \n  \n  21\n  \n  \n  false\n  false\n  false\n  \n  ES-PE\n  X-NONE\n  X-NONE\n  \n   \n   \n   \n   \n   \n   \n   \n   \n   \n  \n  \n   \n   \n   \n   \n   \n   \n   \n   \n   \n   \n   \n  \n<!-- [if gte mso 9]&gt;-->\n \n  \n  \n  \n  \n  \n  \n  \n  \n  \n  \n  \n  \n  \n  \n  \n  \n  \n  \n  \n  \n  \n  \n  \n  \n  \n  \n  \n  \n  \n  \n  \n  \n  \n  \n  \n  \n  \n  \n  \n  \n  \n  \n  \n  \n  \n  \n  \n  \n  \n  \n  \n  \n  \n  \n  \n  \n  \n  \n  \n  \n  \n  \n  \n  \n  \n  \n  \n  \n  \n  \n  \n  \n  \n  \n  \n  \n  \n  \n  \n  \n  \n  \n  \n  \n  \n  \n  \n  \n  \n  \n  \n  \n  \n  \n  \n  \n  \n  \n  \n  \n  \n  \n  \n  \n  \n  \n  \n  \n  \n  \n  \n  \n  \n  \n  \n  \n  \n  \n  \n  \n  \n  \n  \n  \n  \n  \n  \n  \n  \n  \n  \n  \n  \n  \n  \n  \n  \n  \n  \n  \n  \n  \n  \n  \n  \n  \n  \n  \n  \n  \n  \n  \n  \n  \n  \n  \n  \n  \n  \n  \n  \n  \n  \n  \n  \n  \n  \n  \n  \n  \n  \n  \n  \n  \n  \n  \n  \n  \n  \n  \n  \n  \n  \n  \n  \n  \n  \n  \n  \n  \n  \n  \n  \n  \n  \n  \n  \n  \n  \n  \n  \n  \n  \n  \n  \n  \n  \n  \n  \n  \n  \n  \n  \n  \n  \n  \n  \n  \n  \n  \n  \n  \n  \n  \n  \n  \n  \n  \n  \n  \n  \n  \n  \n  \n  \n  \n  \n  \n  \n  \n  \n  \n  \n  \n  \n  \n  \n  \n  \n  \n  \n  \n  \n  \n  \n  \n  \n  \n  \n  \n  \n  \n  \n  \n  \n  \n  \n  \n  \n  \n  \n  \n  \n  \n  \n  \n  \n  \n  \n  \n  \n  \n  \n  \n  \n  \n  \n  \n  \n  \n  \n  \n  \n  \n  \n  \n  \n  \n  \n  \n  \n  \n  \n  \n  \n  \n  \n  \n  \n  \n  \n  \n  \n  \n  \n  \n  \n  \n  \n  \n  \n  \n  \n  \n  \n  \n  \n  \n  \n  \n  \n  \n  \n  \n  \n  \n  \n  \n  \n  \n  \n  \n  \n  \n  \n  \n  \n  \n  \n  \n  \n  \n  \n  \n  \n  \n  \n  \n  \n  \n  \n  \n  \n  \n  \n  \n  \n  \n  \n  \n  \n  \n  \n  \n  \n  \n \n\n<h6><span style=\"font-size: 17px\">Con el objetivo de proteger a la mayor parte de <\/span><span style=\"font-size: 17px\">docentes de la UGEL Chucuito- Juli, previa coordinaci\u00f3n entre el sector salud y <\/span><span style=\"font-size: 17px\">educaci\u00f3n se ha previsto ampliar el plazo de vacunaci\u00f3n, a fin de que nuestros <\/span><span style=\"font-size: 17px\">docentes <span>\u00a0<\/span>de la UGEL Chucuito- Juli, que <\/span><span style=\"font-size: 17px\">por alguna circunstancia no pudieron acudir a recibir la primera dosis de la <\/span><span style=\"font-size: 17px\">vacuna contra la Covid 19, lo puedan hacer entre el 30 de julio <span>\u00a0<\/span>y el 04 de agosto, los profesionales de la <\/span><span style=\"font-size: 17px\">salud los estar\u00e1n esperando en el horario de 8.30 a.m a 13.00 p.m en las <\/span><span style=\"font-size: 17px\">instalaciones de la I.E.P 71004 antes 892 de Juli.<\/span><\/h6>\n<!-- \/wp:post-content --><!-- wp:paragraph -->\n<p style=\"text-align: justify\">As\u00ed mismo destacar que si por alguna raz\u00f3n, usted maestro (a) no se encuentra en el padr\u00f3n remitido por el Ministerio de Educaci\u00f3n, le solicitamos acudir al centro de vacunaci\u00f3n portando alg\u00fan documento que\nacredite su condici\u00f3n de servidor del sector educaci\u00f3n ( UGEL Chucuito- Juli)<\/p>","protected":false},"excerpt":{"rendered":"<p>Normal 0 21 false false false ES-PE X-NONE X-NONE Con el objetivo de proteger a la mayor parte de docentes de la UGEL Chucuito- Juli, previa coordinaci\u00f3n entre el sector salud y educaci\u00f3n se ha previsto ampliar el plazo de vacunaci\u00f3n, a fin de que nuestros docentes \u00a0de la UGEL Chucuito- Juli, que por alguna [&hellip;]<\/p>\n","protected":false},"author":212,"featured_media":0,"comment_status":"open","ping_status":"open","sticky":false,"template":"","format":"standard","meta":{"footnotes":""},"categories":[],"tags":[],"class_list":["post-14743","post","type-post","status-publish","format-standard","hentry"],"_links":{"self":[{"href":"https:\/\/ugelchucuito.edu.pe\/portal\/wp-json\/wp\/v2\/posts\/14743","targetHints":{"allow":["GET"]}}],"collection":[{"href":"https:\/\/ugelchucuito.edu.pe\/portal\/wp-json\/wp\/v2\/posts"}],"about":[{"href":"https:\/\/ugelchucuito.edu.pe\/portal\/wp-json\/wp\/v2\/types\/post"}],"author":[{"embeddable":true,"href":"https:\/\/ugelchucuito.edu.pe\/portal\/wp-json\/wp\/v2\/users\/212"}],"replies":[{"embeddable":true,"href":"https:\/\/ugelchucuito.edu.pe\/portal\/wp-json\/wp\/v2\/comments?post=14743"}],"version-history":[{"count":3,"href":"https:\/\/ugelchucuito.edu.pe\/portal\/wp-json\/wp\/v2\/posts\/14743\/revisions"}],"predecessor-version":[{"id":14746,"href":"https:\/\/ugelchucuito.edu.pe\/portal\/wp-json\/wp\/v2\/posts\/14743\/revisions\/14746"}],"wp:attachment":[{"href":"https:\/\/ugelchucuito.edu.pe\/portal\/wp-json\/wp\/v2\/media?parent=14743"}],"wp:term":[{"taxonomy":"category","embeddable":true,"href":"https:\/\/ugelchucuito.edu.pe\/portal\/wp-json\/wp\/v2\/categories?post=14743"},{"taxonomy":"post_tag","embeddable":true,"href":"https:\/\/ugelchucuito.edu.pe\/portal\/wp-json\/wp\/v2\/tags?post=14743"}],"curies":[{"name":"wp","href":"https:\/\/api.w.org\/{rel}","templated":true}]}}