{"id":14760,"date":"2021-08-02T16:48:51","date_gmt":"2021-08-02T21:48:51","guid":{"rendered":"http:\/\/ugelchucuito.edu.pe\/portal\/?p=14760"},"modified":"2021-08-02T16:51:17","modified_gmt":"2021-08-02T21:51:17","slug":"resultados-finales-eval-exp-y-cronograma-de-entrevista-personal-convocatoria-para-la-contratacion-administrativa-de-servicios-por-necesidad-transitoria-para-la-sede-administrativa-ugel-chucuito-jul","status":"publish","type":"post","link":"https:\/\/ugelchucuito.edu.pe\/portal\/2021\/08\/02\/resultados-finales-eval-exp-y-cronograma-de-entrevista-personal-convocatoria-para-la-contratacion-administrativa-de-servicios-por-necesidad-transitoria-para-la-sede-administrativa-ugel-chucuito-jul\/","title":{"rendered":"<center>RESULTADOS FINALES DE EVALUACI\u00d3N DE EXPEDIENTES Y CRONOGRAMA DE ENTREVISTA PERSONAL: CONVOCATORIA PARA LA CONTRATACI\u00d3N ADMINISTRATIVA DE SERVICIOS POR NECESIDAD TRANSITORIA PARA LA SEDE ADMINISTRATIVA UGEL CHUCUITO JULI.<br>(PROCESO CAS N\u00b0 003-2021-SECRETARIA)"},"content":{"rendered":"\n<div class=\"wp-block-file\"><a href=\"http:\/\/ugelchucuito.edu.pe\/portal\/wp-content\/uploads\/2021\/08\/RESULT.-FINAL-EVAL.-EXP.-CAS-SECRETARIO-A-CAS-SEDE-UGEL-CHUCUITO_JULIO-2021.pdf\" target=\"_blank\" rel=\"noreferrer noopener\"><strong><span class=\"has-inline-color has-vivid-cyan-blue-color\">\u2013 VER RESULTADOS FINALES Y CRONOGRAMA DE ENTREVISTA A POSTULANTES APTOS<\/span><\/strong><\/a><a href=\"http:\/\/ugelchucuito.edu.pe\/portal\/wp-content\/uploads\/2021\/08\/RESULT.-FINAL-EVAL.-EXP.-CAS-SECRETARIO-A-CAS-SEDE-UGEL-CHUCUITO_JULIO-2021.pdf\" class=\"wp-block-file__button\" download>Descarga<\/a><\/div>\n\n\n\n<p><strong><span class=\"has-inline-color has-vivid-red-color\">PROCESO DE ENTREVISTA PERSONAL VIRTUAL:\u00a0<\/span><\/strong><\/p>\n\n\n\n<ul class=\"wp-block-list\"><li><span class=\"has-inline-color has-vivid-red-color\"><strong>Plataforma virtual\u00a0\u00a0 \u00a0 \u00a0 : GOOGLE MEET\u00a0<\/strong><\/span><\/li><li><span class=\"has-inline-color has-vivid-red-color\"><strong>Fecha\u00a0\u00a0 \u00a0 \u00a0 \u00a0 \u00a0 \u00a0 \u00a0 \u00a0 \u00a0 \u00a0 \u00a0 \u00a0 \u00a0 : Martes 03 de agosto del 2021\u00a0<\/strong><\/span><\/li><li><span class=\"has-inline-color has-vivid-red-color\"><strong>Hora\u00a0 \u00a0 \u00a0 \u00a0 \u00a0 \u00a0 \u00a0 \u00a0 \u00a0 \u00a0 \u00a0 \u00a0 \u00a0 \u00a0 \u00a0: Desde las 10:00 a.m. seg\u00fan cronograma\u00a0<\/strong><br><strong>Importante:<\/strong>\u00a0Para ingresar a la sala virtual, deber\u00e1 poner su nombre completo, se dar\u00e1 inicio a la hora exacta, prever tener una buena conexi\u00f3n a internet, mostrar su DNI, tener encendido el micr\u00f3fono y la c\u00e1mara.<\/span><\/li><li><span class=\"has-inline-color has-vivid-red-color\"><strong>Enlace para la participaci\u00f3n en la sala virtual:<\/strong><\/span><\/li><\/ul>\n\n\n\n<p><strong><a href=\"https:\/\/meet.google.com\/sjr-gzfy-sps\" target=\"_blank\" rel=\"noreferrer noopener\"><span class=\"has-inline-color has-vivid-cyan-blue-color\">https:\/\/meet.google.com\/sjr-gzfy-sps<\/span><\/a><\/strong><\/p>\n\n\n\n<p><strong><span class=\"has-inline-color has-vivid-red-color\">Juli, 02 de Agosto del 2021<\/span><\/strong><\/p>\n\n\n\n<p><strong><span class=\"has-inline-color has-vivid-red-color\">EL COMIT\u00c9<\/span><\/strong><\/p>\n","protected":false},"excerpt":{"rendered":"<p>PROCESO DE ENTREVISTA PERSONAL VIRTUAL:\u00a0 Plataforma virtual\u00a0\u00a0 \u00a0 \u00a0 : GOOGLE MEET\u00a0 Fecha\u00a0\u00a0 \u00a0 \u00a0 \u00a0 \u00a0 \u00a0 \u00a0 \u00a0 \u00a0 \u00a0 \u00a0 \u00a0 \u00a0 : Martes 03 de agosto del 2021\u00a0 Hora\u00a0 \u00a0 \u00a0 \u00a0 \u00a0 \u00a0 \u00a0 \u00a0 \u00a0 \u00a0 \u00a0 \u00a0 \u00a0 \u00a0 \u00a0: Desde las 10:00 a.m. seg\u00fan cronograma\u00a0Importante:\u00a0Para ingresar a [&hellip;]<\/p>\n","protected":false},"author":3,"featured_media":0,"comment_status":"open","ping_status":"open","sticky":false,"template":"","format":"standard","meta":{"footnotes":""},"categories":[],"tags":[],"class_list":["post-14760","post","type-post","status-publish","format-standard","hentry"],"_links":{"self":[{"href":"https:\/\/ugelchucuito.edu.pe\/portal\/wp-json\/wp\/v2\/posts\/14760","targetHints":{"allow":["GET"]}}],"collection":[{"href":"https:\/\/ugelchucuito.edu.pe\/portal\/wp-json\/wp\/v2\/posts"}],"about":[{"href":"https:\/\/ugelchucuito.edu.pe\/portal\/wp-json\/wp\/v2\/types\/post"}],"author":[{"embeddable":true,"href":"https:\/\/ugelchucuito.edu.pe\/portal\/wp-json\/wp\/v2\/users\/3"}],"replies":[{"embeddable":true,"href":"https:\/\/ugelchucuito.edu.pe\/portal\/wp-json\/wp\/v2\/comments?post=14760"}],"version-history":[{"count":2,"href":"https:\/\/ugelchucuito.edu.pe\/portal\/wp-json\/wp\/v2\/posts\/14760\/revisions"}],"predecessor-version":[{"id":14764,"href":"https:\/\/ugelchucuito.edu.pe\/portal\/wp-json\/wp\/v2\/posts\/14760\/revisions\/14764"}],"wp:attachment":[{"href":"https:\/\/ugelchucuito.edu.pe\/portal\/wp-json\/wp\/v2\/media?parent=14760"}],"wp:term":[{"taxonomy":"category","embeddable":true,"href":"https:\/\/ugelchucuito.edu.pe\/portal\/wp-json\/wp\/v2\/categories?post=14760"},{"taxonomy":"post_tag","embeddable":true,"href":"https:\/\/ugelchucuito.edu.pe\/portal\/wp-json\/wp\/v2\/tags?post=14760"}],"curies":[{"name":"wp","href":"https:\/\/api.w.org\/{rel}","templated":true}]}}