{"id":158,"date":"2017-06-23T13:59:37","date_gmt":"2017-06-23T18:59:37","guid":{"rendered":"http:\/\/ugelchucuito.edu.pe\/portal\/?p=158"},"modified":"2017-07-01T14:02:15","modified_gmt":"2017-07-01T19:02:15","slug":"inei-convocatoria-para-jefes-distritales-censos-nacional-2017","status":"publish","type":"post","link":"https:\/\/ugelchucuito.edu.pe\/portal\/2017\/06\/23\/inei-convocatoria-para-jefes-distritales-censos-nacional-2017\/","title":{"rendered":"INEI: CONVOCATORIA PARA JEFES DISTRITALES (CENSOS NACIONAL 2017)"},"content":{"rendered":"<p><span style=\"color: #ff0000;\"><strong>CLICK PARA MAYOR INFORMACI\u00d3N Y POSTULAR:<\/strong><\/span><\/p>\n<h3><a href=\"http:\/\/consecucion.inei.gob.pe\/cpv2017\/convoca\/default.asp?id=8102\" target=\"_blank\" rel=\"noopener\">http:\/\/consecucion.inei.gob.pe\/cpv2017\/convoca\/default.asp?id=8102<\/a><\/h3>\n<p>&nbsp;<\/p>\n<table border=\"0\" width=\"90%\" cellspacing=\"1\" cellpadding=\"1\" align=\"center\">\n<tbody>\n<tr>\n<td colspan=\"2\" align=\"left\" valign=\"top\" height=\"41\">\n<p class=\"tituloPrin\"><strong>CONVOCATORIA BAJO LOCACI\u00d3N DE SERVICIOS<\/strong><\/p>\n<p>CENSOS NACIONALES 2017: XII DE POBLACI\u00d3N, VII DE VIVIENDA y III DE COMUNIDADES IND\u00cdGENAS<\/td>\n<\/tr>\n<tr>\n<td colspan=\"2\"><\/td>\n<\/tr>\n<tr>\n<td align=\"left\" valign=\"top\" width=\"4%\" height=\"41\"><b><span class=\"proyecto\">I.<\/span><\/b><\/td>\n<td align=\"left\" valign=\"top\" width=\"96%\">\n<p align=\"justify\"><span class=\"cascade10\"><strong class=\"proyecto\">OBJETIVO:<\/strong><\/span><\/p>\n<ul>\n<li class=\"etiqueta2\">CONTAR CON PERSONAL PARA EL PROYECTOCENSOS NACIONALES XII DE POBLACI\u00d3N Y VII DE VIVIENDA<\/li>\n<\/ul>\n<\/td>\n<\/tr>\n<tr>\n<td align=\"left\" valign=\"top\"><b><span class=\"proyecto\">II.<\/span><\/b><\/td>\n<td align=\"left\" valign=\"top\"><span class=\"proyecto\">CONVOCATORIAS VIGENTES:<\/span><\/td>\n<\/tr>\n<tr>\n<td><\/td>\n<td colspan=\"2\" rowspan=\"2\" align=\"left\" valign=\"top\">\n<div>\n<div>\n<div align=\"left\"><\/div>\n<div id=\"CollapsiblePanel1\" class=\"CollapsiblePanel CollapsiblePanelClosed\">\n<div class=\"CollapsiblePanelTab\" tabindex=\"0\">\n<div align=\"left\">\n<div align=\"left\"><strong>(1873)\u00a0JEFE DISTRITAL<\/strong><strong>\u00a0[clic para ver detalle]<\/strong><\/div>\n<p><span class=\"etiqueta2\"><strong>Se requiere: (1873)\u00a0JEFE DISTRITAL\u00a0<\/strong><br \/>\nDNCE \u2013 DIRECCION NACIONAL DE CENSOS Y ENCUESTAS<\/span><\/p>\n<p>Organizar, conducir, reclutar, capacitar, ejecutar y supervisar las actividades censales del distrito asignado, conforme a las instrucciones impartidas en los manuales, directivas y por la Jefatura del Proyecto en los Censos Nacionales 2017: XII de Poblaci\u00f3n, VII de Vivienda y III de Comunidades Ind\u00edgenas.<\/p>\n<p><span class=\"etiqueta2\"><strong>Periodo de Convocatoria<\/strong><br \/>\nInicio: 15\/06\/2017<br \/>\nFin: 06\/07\/2017<\/span><\/p>\n<\/div>\n<\/div>\n<\/div>\n<\/div>\n<\/div>\n<\/td>\n<\/tr>\n<\/tbody>\n<\/table>\n","protected":false},"excerpt":{"rendered":"<p>CLICK PARA MAYOR INFORMACI\u00d3N Y POSTULAR: http:\/\/consecucion.inei.gob.pe\/cpv2017\/convoca\/default.asp?id=8102 &nbsp; CONVOCATORIA BAJO LOCACI\u00d3N DE SERVICIOS CENSOS NACIONALES 2017: XII DE POBLACI\u00d3N, VII DE VIVIENDA y III DE COMUNIDADES IND\u00cdGENAS I. OBJETIVO: CONTAR CON PERSONAL PARA EL PROYECTOCENSOS NACIONALES XII DE POBLACI\u00d3N Y VII DE VIVIENDA II. CONVOCATORIAS VIGENTES: (1873)\u00a0JEFE DISTRITAL\u00a0[clic para ver detalle] Se requiere: (1873)\u00a0JEFE DISTRITAL\u00a0 [&hellip;]<\/p>\n","protected":false},"author":1,"featured_media":0,"comment_status":"open","ping_status":"open","sticky":false,"template":"","format":"standard","meta":{"footnotes":""},"categories":[],"tags":[],"class_list":["post-158","post","type-post","status-publish","format-standard","hentry"],"_links":{"self":[{"href":"https:\/\/ugelchucuito.edu.pe\/portal\/wp-json\/wp\/v2\/posts\/158","targetHints":{"allow":["GET"]}}],"collection":[{"href":"https:\/\/ugelchucuito.edu.pe\/portal\/wp-json\/wp\/v2\/posts"}],"about":[{"href":"https:\/\/ugelchucuito.edu.pe\/portal\/wp-json\/wp\/v2\/types\/post"}],"author":[{"embeddable":true,"href":"https:\/\/ugelchucuito.edu.pe\/portal\/wp-json\/wp\/v2\/users\/1"}],"replies":[{"embeddable":true,"href":"https:\/\/ugelchucuito.edu.pe\/portal\/wp-json\/wp\/v2\/comments?post=158"}],"version-history":[{"count":1,"href":"https:\/\/ugelchucuito.edu.pe\/portal\/wp-json\/wp\/v2\/posts\/158\/revisions"}],"predecessor-version":[{"id":160,"href":"https:\/\/ugelchucuito.edu.pe\/portal\/wp-json\/wp\/v2\/posts\/158\/revisions\/160"}],"wp:attachment":[{"href":"https:\/\/ugelchucuito.edu.pe\/portal\/wp-json\/wp\/v2\/media?parent=158"}],"wp:term":[{"taxonomy":"category","embeddable":true,"href":"https:\/\/ugelchucuito.edu.pe\/portal\/wp-json\/wp\/v2\/categories?post=158"},{"taxonomy":"post_tag","embeddable":true,"href":"https:\/\/ugelchucuito.edu.pe\/portal\/wp-json\/wp\/v2\/tags?post=158"}],"curies":[{"name":"wp","href":"https:\/\/api.w.org\/{rel}","templated":true}]}}