{"id":1585,"date":"2017-12-27T08:51:22","date_gmt":"2017-12-27T13:51:22","guid":{"rendered":"http:\/\/ugelchucuito.edu.pe\/portal\/?p=1585"},"modified":"2017-12-27T09:14:14","modified_gmt":"2017-12-27T14:14:14","slug":"fecha-de-emision-de-las-actas-y-reconfiguracion-de-la-fase-regular","status":"publish","type":"post","link":"https:\/\/ugelchucuito.edu.pe\/portal\/2017\/12\/27\/fecha-de-emision-de-las-actas-y-reconfiguracion-de-la-fase-regular\/","title":{"rendered":"FECHA DE EMISI\u00d3N DE LAS ACTAS Y RECONFIGURACI\u00d3N DE LA FASE REGULAR"},"content":{"rendered":"<h2 style=\"text-align: center;\">FECHA DE EMIS\u00cdON DE LA ACTA (en el reverso inferior derecha):<\/h2>\n<p style=\"text-align: center;\"><span style=\"color: #ffffff;\">.<\/span><\/p>\n<h2 style=\"text-align: center;\">NIVEL INICIAL \/ PRONOEI:<\/h2>\n<h1 style=\"text-align: center;\"><span style=\"color: #ff0000;\">29\/12\/2017<\/span><\/h1>\n<h1 style=\"text-align: center;\"><span style=\"color: #ffffff;\">.<\/span><\/h1>\n<h2 style=\"text-align: center;\">NIVEL PRIMARIA Y SECUNDARIA:<\/h2>\n<h1 style=\"text-align: center;\"><span style=\"color: #ff0000;\">15\/01\/2018<\/span><\/h1>\n<h2 style=\"text-align: center;\"><span style=\"color: #ffffff;\">.<\/span><\/h2>\n<h2 style=\"text-align: center;\">CONFIGURACI\u00d3N DE LA FASE REGULAR Y DE RECUPERACI\u00d3N (si hubiese) SEG\u00daN CALENDARIZACI\u00d3N DEL PLAN DE RECUPERACI\u00d3N:<\/h2>\n<h2 style=\"text-align: center;\"><a href=\"https:\/\/www.youtube.com\/watch?v=Dg3qDRTkSCU\" target=\"_blank\" rel=\"noopener\">VER VIDEO<\/a><\/h2>\n<p style=\"text-align: center;\"><iframe loading=\"lazy\" src=\"https:\/\/www.youtube.com\/embed\/Dg3qDRTkSCU?rel=0\" width=\"560\" height=\"315\" frameborder=\"0\" allowfullscreen=\"allowfullscreen\"><\/iframe><\/p>\n","protected":false},"excerpt":{"rendered":"<p>FECHA DE EMIS\u00cdON DE LA ACTA (en el reverso inferior derecha): . NIVEL INICIAL \/ PRONOEI: 29\/12\/2017 . NIVEL PRIMARIA Y SECUNDARIA: 15\/01\/2018 . CONFIGURACI\u00d3N DE LA FASE REGULAR Y DE RECUPERACI\u00d3N (si hubiese) SEG\u00daN CALENDARIZACI\u00d3N DEL PLAN DE RECUPERACI\u00d3N: VER VIDEO<\/p>\n","protected":false},"author":1,"featured_media":0,"comment_status":"open","ping_status":"open","sticky":false,"template":"","format":"standard","meta":{"footnotes":""},"categories":[],"tags":[],"class_list":["post-1585","post","type-post","status-publish","format-standard","hentry"],"_links":{"self":[{"href":"https:\/\/ugelchucuito.edu.pe\/portal\/wp-json\/wp\/v2\/posts\/1585","targetHints":{"allow":["GET"]}}],"collection":[{"href":"https:\/\/ugelchucuito.edu.pe\/portal\/wp-json\/wp\/v2\/posts"}],"about":[{"href":"https:\/\/ugelchucuito.edu.pe\/portal\/wp-json\/wp\/v2\/types\/post"}],"author":[{"embeddable":true,"href":"https:\/\/ugelchucuito.edu.pe\/portal\/wp-json\/wp\/v2\/users\/1"}],"replies":[{"embeddable":true,"href":"https:\/\/ugelchucuito.edu.pe\/portal\/wp-json\/wp\/v2\/comments?post=1585"}],"version-history":[{"count":5,"href":"https:\/\/ugelchucuito.edu.pe\/portal\/wp-json\/wp\/v2\/posts\/1585\/revisions"}],"predecessor-version":[{"id":1606,"href":"https:\/\/ugelchucuito.edu.pe\/portal\/wp-json\/wp\/v2\/posts\/1585\/revisions\/1606"}],"wp:attachment":[{"href":"https:\/\/ugelchucuito.edu.pe\/portal\/wp-json\/wp\/v2\/media?parent=1585"}],"wp:term":[{"taxonomy":"category","embeddable":true,"href":"https:\/\/ugelchucuito.edu.pe\/portal\/wp-json\/wp\/v2\/categories?post=1585"},{"taxonomy":"post_tag","embeddable":true,"href":"https:\/\/ugelchucuito.edu.pe\/portal\/wp-json\/wp\/v2\/tags?post=1585"}],"curies":[{"name":"wp","href":"https:\/\/api.w.org\/{rel}","templated":true}]}}