{"id":16212,"date":"2022-01-04T17:54:17","date_gmt":"2022-01-04T22:54:17","guid":{"rendered":"http:\/\/ugelchucuito.edu.pe\/portal\/?p=16212"},"modified":"2022-01-04T17:54:20","modified_gmt":"2022-01-04T22:54:20","slug":"orientaciones-para-el-retorno-a-la-presencialidad-y-o-semipresencialidad-asi-como-para-la-prestacion-del-servicio-educativo-para-el-ano-escolar-2022","status":"publish","type":"post","link":"https:\/\/ugelchucuito.edu.pe\/portal\/2022\/01\/04\/orientaciones-para-el-retorno-a-la-presencialidad-y-o-semipresencialidad-asi-como-para-la-prestacion-del-servicio-educativo-para-el-ano-escolar-2022\/","title":{"rendered":"ORIENTACIONES PARA EL RETORNO A LA PRESENCIALIDAD Y\/O SEMIPRESENCIALIDAD ASI COMO PARA LA PRESTACI\u00d3N DEL SERVICIO EDUCATIVO PARA EL A\u00d1O ESCOLAR 2022"},"content":{"rendered":"\n<div class=\"wp-block-file\"><a href=\"https:\/\/ugelchucuito.edu.pe\/portal\/wp-content\/uploads\/2022\/01\/OFICIO-MULTIPLE-No-03-2022-GRGRDS-DREP-UGEL.CHJ_.pdf\">OFICIO-MULTIPLE-N\u00b0-003-2022-GRGRDS-DREP-UGEL.CHJ<\/a><a href=\"https:\/\/ugelchucuito.edu.pe\/portal\/wp-content\/uploads\/2022\/01\/OFICIO-MULTIPLE-No-03-2022-GRGRDS-DREP-UGEL.CHJ_.pdf\" class=\"wp-block-file__button\" download>Descarga<\/a><\/div>\n\n\n\n<p>Es grato dirigirme a su Autoridad, para expresarle un saludo cordial a nombre de la Unidad de Gesti\u00f3n Educativa Local Chucuito &#8211; Juli y a su vez Comunicar que seg\u00fan R.M.N\u00ba531-2021-MINEDU se convoca a la primera capacitaci\u00f3n sobre: ORIENTACIONES PARA EL RETORNO A LA PRESENCIALIDAD Y\/O SEMIPRESENCIALIDAD AS\u00cd COMO PARA LA PRESTACI\u00d3N DEL SERVICIO EDUCATIVO PARA EL A\u00d1O 2022, el mismo que est\u00e1 programado para el d\u00eda viernes 07 de Enero del 2022 a horas 09:00 am, mediante el siguiente enlace virtual zoom:<\/p>\n\n\n\n<p>Unirse a la reuni\u00f3n Zoom<br><a href=\"https:\/\/us02web.zoom.us\/j\/87133185702?pwd=NFNwTzk1MVo0Z09NODJuQTFDci9udz09\">https:\/\/us02web.zoom.us\/j\/87133185702?pwd=NFNwTzk1MVo0Z09NODJuQTFDci9udz09<\/a><\/p>\n\n\n\n<p>ID de reuni\u00f3n: 871 3318 5702<br>C\u00f3digo de acceso: gcb62m<\/p>\n","protected":false},"excerpt":{"rendered":"<p>Es grato dirigirme a su Autoridad, para expresarle un saludo cordial a nombre de la Unidad de Gesti\u00f3n Educativa Local Chucuito &#8211; Juli y a su vez Comunicar que seg\u00fan R.M.N\u00ba531-2021-MINEDU se convoca a la primera capacitaci\u00f3n sobre: ORIENTACIONES PARA EL RETORNO A LA PRESENCIALIDAD Y\/O SEMIPRESENCIALIDAD AS\u00cd COMO PARA LA PRESTACI\u00d3N DEL SERVICIO EDUCATIVO [&hellip;]<\/p>\n","protected":false},"author":1,"featured_media":0,"comment_status":"open","ping_status":"open","sticky":false,"template":"","format":"standard","meta":{"footnotes":""},"categories":[],"tags":[],"class_list":["post-16212","post","type-post","status-publish","format-standard","hentry"],"_links":{"self":[{"href":"https:\/\/ugelchucuito.edu.pe\/portal\/wp-json\/wp\/v2\/posts\/16212","targetHints":{"allow":["GET"]}}],"collection":[{"href":"https:\/\/ugelchucuito.edu.pe\/portal\/wp-json\/wp\/v2\/posts"}],"about":[{"href":"https:\/\/ugelchucuito.edu.pe\/portal\/wp-json\/wp\/v2\/types\/post"}],"author":[{"embeddable":true,"href":"https:\/\/ugelchucuito.edu.pe\/portal\/wp-json\/wp\/v2\/users\/1"}],"replies":[{"embeddable":true,"href":"https:\/\/ugelchucuito.edu.pe\/portal\/wp-json\/wp\/v2\/comments?post=16212"}],"version-history":[{"count":5,"href":"https:\/\/ugelchucuito.edu.pe\/portal\/wp-json\/wp\/v2\/posts\/16212\/revisions"}],"predecessor-version":[{"id":16219,"href":"https:\/\/ugelchucuito.edu.pe\/portal\/wp-json\/wp\/v2\/posts\/16212\/revisions\/16219"}],"wp:attachment":[{"href":"https:\/\/ugelchucuito.edu.pe\/portal\/wp-json\/wp\/v2\/media?parent=16212"}],"wp:term":[{"taxonomy":"category","embeddable":true,"href":"https:\/\/ugelchucuito.edu.pe\/portal\/wp-json\/wp\/v2\/categories?post=16212"},{"taxonomy":"post_tag","embeddable":true,"href":"https:\/\/ugelchucuito.edu.pe\/portal\/wp-json\/wp\/v2\/tags?post=16212"}],"curies":[{"name":"wp","href":"https:\/\/api.w.org\/{rel}","templated":true}]}}