{"id":16527,"date":"2022-02-02T21:05:23","date_gmt":"2022-02-03T02:05:23","guid":{"rendered":"http:\/\/ugelchucuito.edu.pe\/portal\/?p=16527"},"modified":"2022-02-02T21:17:00","modified_gmt":"2022-02-03T02:17:00","slug":"publicacion-de-plazas-vacantes","status":"publish","type":"post","link":"https:\/\/ugelchucuito.edu.pe\/portal\/2022\/02\/02\/publicacion-de-plazas-vacantes\/","title":{"rendered":"Publicaci\u00f3n de plazas vacantes"},"content":{"rendered":"\n<div class=\"wp-block-file\"><a href=\"https:\/\/ugelchucuito.edu.pe\/portal\/wp-content\/uploads\/2022\/02\/PLAZAS-VACANTES-PARA-PROCESO-DE-CONTRATO-DE-AUXILIAR-DE-EDUCACION-DE-LA-UGEL-CHUCUITO.pdf\">PLAZAS-VACANTES-PARA-PROCESO-DE-CONTRATO-DE-AUXILIAR-DE-EDUCACION-DE-LA-UGEL-CHUCUITO<\/a><a href=\"https:\/\/ugelchucuito.edu.pe\/portal\/wp-content\/uploads\/2022\/02\/PLAZAS-VACANTES-PARA-PROCESO-DE-CONTRATO-DE-AUXILIAR-DE-EDUCACION-DE-LA-UGEL-CHUCUITO.pdf\" class=\"wp-block-file__button\" download>Descarga<\/a><\/div>\n\n\n\n<p class=\"wp-block-paragraph\"><strong>NOTA:<\/strong> Sobre la inscripci\u00f3n de postulantes programada para los d\u00edas 3 y 4 de febrero; los interesados deber\u00e1n realizarlo en forma <strong>PRESENCIAL<\/strong> en mesa de partes de la UGEL Chucuito, presentando su expediente en f\u00edsico con los requisitos y anexos debidamente foliados y firmados.<\/p>\n","protected":false},"excerpt":{"rendered":"<p>NOTA: Sobre la inscripci\u00f3n de postulantes programada para los d\u00edas 3 y 4 de febrero; los interesados deber\u00e1n realizarlo en forma PRESENCIAL en mesa de partes de la UGEL Chucuito, presentando su expediente en f\u00edsico con los requisitos y anexos debidamente foliados y firmados.<\/p>\n","protected":false},"author":2,"featured_media":0,"comment_status":"open","ping_status":"open","sticky":false,"template":"","format":"standard","meta":{"footnotes":""},"categories":[],"tags":[],"class_list":["post-16527","post","type-post","status-publish","format-standard","hentry"],"_links":{"self":[{"href":"https:\/\/ugelchucuito.edu.pe\/portal\/wp-json\/wp\/v2\/posts\/16527","targetHints":{"allow":["GET"]}}],"collection":[{"href":"https:\/\/ugelchucuito.edu.pe\/portal\/wp-json\/wp\/v2\/posts"}],"about":[{"href":"https:\/\/ugelchucuito.edu.pe\/portal\/wp-json\/wp\/v2\/types\/post"}],"author":[{"embeddable":true,"href":"https:\/\/ugelchucuito.edu.pe\/portal\/wp-json\/wp\/v2\/users\/2"}],"replies":[{"embeddable":true,"href":"https:\/\/ugelchucuito.edu.pe\/portal\/wp-json\/wp\/v2\/comments?post=16527"}],"version-history":[{"count":5,"href":"https:\/\/ugelchucuito.edu.pe\/portal\/wp-json\/wp\/v2\/posts\/16527\/revisions"}],"predecessor-version":[{"id":16534,"href":"https:\/\/ugelchucuito.edu.pe\/portal\/wp-json\/wp\/v2\/posts\/16527\/revisions\/16534"}],"wp:attachment":[{"href":"https:\/\/ugelchucuito.edu.pe\/portal\/wp-json\/wp\/v2\/media?parent=16527"}],"wp:term":[{"taxonomy":"category","embeddable":true,"href":"https:\/\/ugelchucuito.edu.pe\/portal\/wp-json\/wp\/v2\/categories?post=16527"},{"taxonomy":"post_tag","embeddable":true,"href":"https:\/\/ugelchucuito.edu.pe\/portal\/wp-json\/wp\/v2\/tags?post=16527"}],"curies":[{"name":"wp","href":"https:\/\/api.w.org\/{rel}","templated":true}]}}