{"id":16549,"date":"2022-02-05T12:30:09","date_gmt":"2022-02-05T17:30:09","guid":{"rendered":"http:\/\/ugelchucuito.edu.pe\/portal\/?p=16549"},"modified":"2022-02-21T11:05:57","modified_gmt":"2022-02-21T16:05:57","slug":"plazas-docentes-vacantes-para-contratacion-por-evaluacion-de-expedientes","status":"publish","type":"post","link":"https:\/\/ugelchucuito.edu.pe\/portal\/2022\/02\/05\/plazas-docentes-vacantes-para-contratacion-por-evaluacion-de-expedientes\/","title":{"rendered":"PLAZAS DOCENTES VACANTES PARA CONTRATACI\u00d3N POR EVALUACI\u00d3N DE EXPEDIENTES"},"content":{"rendered":"\n<div class=\"wp-block-file\"><a href=\"https:\/\/ugelchucuito.edu.pe\/portal\/wp-content\/uploads\/2022\/02\/PLAZAS-VACANTES-Organicas-y-BH-EVALUACION-EXPEDIENTES.pdf\"><strong>PLAZAS-VACANTES-(Org\u00e1nicas-y-Bolsa de Horas)-EVALUACION-EXPEDIENTES<\/strong><\/a><a href=\"https:\/\/ugelchucuito.edu.pe\/portal\/wp-content\/uploads\/2022\/02\/PLAZAS-VACANTES-Organicas-y-BH-EVALUACION-EXPEDIENTES.pdf\" class=\"wp-block-file__button\" download>Descarga<\/a><\/div>\n\n\n\n<p><strong>NOTA:<\/strong>&nbsp;Sobre la inscripci\u00f3n de postulantes programada para los d\u00edas 7 y 8 de febrero (conforme a cronograma regional); los interesados deber\u00e1n realizarlo en forma&nbsp;<strong>PRESENCIAL<\/strong>&nbsp;en mesa de partes de la UGEL Chucuito en horario de 9:00 am a 3:00 pm, presentando su <strong>expediente en f\u00edsico<\/strong> con los requisitos y anexos debidamente ordenados, foliados y firmados.<\/p>\n\n\n\n<div class=\"wp-block-file\"><a href=\"https:\/\/ugelchucuito.edu.pe\/portal\/wp-content\/uploads\/2022\/02\/CRONOGRAMA-REGIONAL-PARA-LA-CONTRATACION-DE-SERVICIO-DOCENTE.pdf\">CRONOGRAMA-REGIONAL-PARA-LA-CONTRATACION-DE-SERVICIO-DOCENTE<\/a><a href=\"https:\/\/ugelchucuito.edu.pe\/portal\/wp-content\/uploads\/2022\/02\/CRONOGRAMA-REGIONAL-PARA-LA-CONTRATACION-DE-SERVICIO-DOCENTE.pdf\" class=\"wp-block-file__button\" download>Descarga<\/a><\/div>\n","protected":false},"excerpt":{"rendered":"<p>NOTA:&nbsp;Sobre la inscripci\u00f3n de postulantes programada para los d\u00edas 7 y 8 de febrero (conforme a cronograma regional); los interesados deber\u00e1n realizarlo en forma&nbsp;PRESENCIAL&nbsp;en mesa de partes de la UGEL Chucuito en horario de 9:00 am a 3:00 pm, presentando su expediente en f\u00edsico con los requisitos y anexos debidamente ordenados, foliados y firmados.<\/p>\n","protected":false},"author":2,"featured_media":0,"comment_status":"open","ping_status":"open","sticky":false,"template":"","format":"standard","meta":{"footnotes":""},"categories":[],"tags":[],"class_list":["post-16549","post","type-post","status-publish","format-standard","hentry"],"_links":{"self":[{"href":"https:\/\/ugelchucuito.edu.pe\/portal\/wp-json\/wp\/v2\/posts\/16549","targetHints":{"allow":["GET"]}}],"collection":[{"href":"https:\/\/ugelchucuito.edu.pe\/portal\/wp-json\/wp\/v2\/posts"}],"about":[{"href":"https:\/\/ugelchucuito.edu.pe\/portal\/wp-json\/wp\/v2\/types\/post"}],"author":[{"embeddable":true,"href":"https:\/\/ugelchucuito.edu.pe\/portal\/wp-json\/wp\/v2\/users\/2"}],"replies":[{"embeddable":true,"href":"https:\/\/ugelchucuito.edu.pe\/portal\/wp-json\/wp\/v2\/comments?post=16549"}],"version-history":[{"count":4,"href":"https:\/\/ugelchucuito.edu.pe\/portal\/wp-json\/wp\/v2\/posts\/16549\/revisions"}],"predecessor-version":[{"id":16760,"href":"https:\/\/ugelchucuito.edu.pe\/portal\/wp-json\/wp\/v2\/posts\/16549\/revisions\/16760"}],"wp:attachment":[{"href":"https:\/\/ugelchucuito.edu.pe\/portal\/wp-json\/wp\/v2\/media?parent=16549"}],"wp:term":[{"taxonomy":"category","embeddable":true,"href":"https:\/\/ugelchucuito.edu.pe\/portal\/wp-json\/wp\/v2\/categories?post=16549"},{"taxonomy":"post_tag","embeddable":true,"href":"https:\/\/ugelchucuito.edu.pe\/portal\/wp-json\/wp\/v2\/tags?post=16549"}],"curies":[{"name":"wp","href":"https:\/\/api.w.org\/{rel}","templated":true}]}}