{"id":17141,"date":"2022-03-23T15:20:29","date_gmt":"2022-03-23T20:20:29","guid":{"rendered":"http:\/\/ugelchucuito.edu.pe\/portal\/?p=17141"},"modified":"2022-03-23T15:24:43","modified_gmt":"2022-03-23T20:24:43","slug":"convoca-a-reunion-virtual-informativa","status":"publish","type":"post","link":"https:\/\/ugelchucuito.edu.pe\/portal\/2022\/03\/23\/convoca-a-reunion-virtual-informativa\/","title":{"rendered":"CONVOCA A REUNI\u00d3N VIRTUAL INFORMATIVA"},"content":{"rendered":"\n<p><strong><span class=\"has-inline-color has-vivid-red-color\">DESCARGAR:<\/span><\/strong><\/p>\n\n\n\n<p><span class=\"has-inline-color has-white-color\">.<\/span><\/p>\n\n\n\n<div class=\"wp-block-file\"><a href=\"http:\/\/ugelchucuito.edu.pe\/portal\/wp-content\/uploads\/2022\/03\/Oficio-Reunion-virtual-informativa.pdf\" target=\"_blank\" rel=\"noreferrer noopener\">Oficio &#8211; Reunion virtual informativa<\/a><a href=\"http:\/\/ugelchucuito.edu.pe\/portal\/wp-content\/uploads\/2022\/03\/Oficio-Reunion-virtual-informativa.pdf\" class=\"wp-block-file__button\" download>Descarga<\/a><\/div>\n\n\n\n<p><span class=\"has-inline-color has-white-color\">.<\/span><\/p>\n\n\n\n<p><strong><span class=\"has-inline-color has-vivid-red-color\">FECHA\u00a0<\/span>\u00a0\u00a0\u00a0\u00a0\u00a0\u00a0\u00a0\u00a0\u00a0\u00a0\u00a0\u00a0\u00a0\u00a0\u00a0 :<\/strong>\u00a0\u00a0\u00a0\u00a0\u00a0\u00a0\u00a0\u00a0\u00a0\u00a0\u00a0\u00a0\u00a0\u00a0 Viernes, 25 de marzo del 2022<\/p>\n\n\n\n<p><strong><span class=\"has-inline-color has-vivid-red-color\">HORA\u00a0\u00a0<\/span>\u00a0\u00a0\u00a0\u00a0\u00a0\u00a0\u00a0\u00a0\u00a0\u00a0\u00a0\u00a0\u00a0\u00a0\u00a0\u00a0 :<\/strong>\u00a0\u00a0\u00a0\u00a0\u00a0\u00a0\u00a0\u00a0\u00a0\u00a0\u00a0\u00a0\u00a0\u00a0 04:00 pm<\/p>\n\n\n\n<p><strong><span class=\"has-inline-color has-vivid-red-color\">ENLACE\u00a0\u00a0\u00a0<\/span>\u00a0\u00a0\u00a0\u00a0\u00a0\u00a0\u00a0\u00a0\u00a0\u00a0 :\u00a0<\/strong>\u00a0\u00a0\u00a0\u00a0\u00a0\u00a0\u00a0\u00a0\u00a0\u00a0\u00a0\u00a0\u00a0 <strong>https:\/\/us02web.zoom.us\/j\/84941747928<\/strong><\/p>\n\n\n\n<p><span class=\"has-inline-color has-white-color\">.<\/span><\/p>\n\n\n\n<p><strong><span class=\"has-inline-color has-vivid-red-color\">TEM\u00c1TICAS\u00a0\u00a0\u00a0\u00a0\u00a0 :\u00a0\u00a0\u00a0\u00a0<\/span><\/strong>\u00a0\u00a0\u00a0\u00a0\u00a0\u00a0\u00a0\u00a0\u00a0\u00a0 <\/p>\n\n\n\n<p>&#8211; Orientaciones sobre <strong>N\u00f3minas Adicionales<\/strong>.<\/p>\n\n\n\n<p>&#8211; Monitoreos en <strong>SIMON<\/strong>.<\/p>\n\n\n\n<p>&#8211; Conformaci\u00f3n del <strong>Comit\u00e9s de Gesti\u00f3n del Bienestar<\/strong>.<\/p>\n\n\n\n<p>&#8211; Aplicaci\u00f3n del <strong>Enfoque Ambiental<\/strong>.<\/p>\n\n\n\n<p>&#8211; IV Concurso <strong>FONDEP<\/strong>.<\/p>\n\n\n\n<p><span class=\"has-inline-color has-white-color\">.<\/span><\/p>\n","protected":false},"excerpt":{"rendered":"<p>DESCARGAR: . . FECHA\u00a0\u00a0\u00a0\u00a0\u00a0\u00a0\u00a0\u00a0\u00a0\u00a0\u00a0\u00a0\u00a0\u00a0\u00a0\u00a0 :\u00a0\u00a0\u00a0\u00a0\u00a0\u00a0\u00a0\u00a0\u00a0\u00a0\u00a0\u00a0\u00a0\u00a0 Viernes, 25 de marzo del 2022 HORA\u00a0\u00a0\u00a0\u00a0\u00a0\u00a0\u00a0\u00a0\u00a0\u00a0\u00a0\u00a0\u00a0\u00a0\u00a0\u00a0\u00a0\u00a0 :\u00a0\u00a0\u00a0\u00a0\u00a0\u00a0\u00a0\u00a0\u00a0\u00a0\u00a0\u00a0\u00a0\u00a0 04:00 pm ENLACE\u00a0\u00a0\u00a0\u00a0\u00a0\u00a0\u00a0\u00a0\u00a0\u00a0\u00a0\u00a0\u00a0 :\u00a0\u00a0\u00a0\u00a0\u00a0\u00a0\u00a0\u00a0\u00a0\u00a0\u00a0\u00a0\u00a0\u00a0 https:\/\/us02web.zoom.us\/j\/84941747928 . TEM\u00c1TICAS\u00a0\u00a0\u00a0\u00a0\u00a0 :\u00a0\u00a0\u00a0\u00a0\u00a0\u00a0\u00a0\u00a0\u00a0\u00a0\u00a0\u00a0\u00a0\u00a0 &#8211; Orientaciones sobre N\u00f3minas Adicionales. &#8211; Monitoreos en SIMON. &#8211; Conformaci\u00f3n del Comit\u00e9s de Gesti\u00f3n del Bienestar. &#8211; Aplicaci\u00f3n del Enfoque Ambiental. &#8211; IV Concurso FONDEP. .<\/p>\n","protected":false},"author":1,"featured_media":0,"comment_status":"open","ping_status":"open","sticky":false,"template":"","format":"standard","meta":{"footnotes":""},"categories":[],"tags":[],"class_list":["post-17141","post","type-post","status-publish","format-standard","hentry"],"_links":{"self":[{"href":"https:\/\/ugelchucuito.edu.pe\/portal\/wp-json\/wp\/v2\/posts\/17141","targetHints":{"allow":["GET"]}}],"collection":[{"href":"https:\/\/ugelchucuito.edu.pe\/portal\/wp-json\/wp\/v2\/posts"}],"about":[{"href":"https:\/\/ugelchucuito.edu.pe\/portal\/wp-json\/wp\/v2\/types\/post"}],"author":[{"embeddable":true,"href":"https:\/\/ugelchucuito.edu.pe\/portal\/wp-json\/wp\/v2\/users\/1"}],"replies":[{"embeddable":true,"href":"https:\/\/ugelchucuito.edu.pe\/portal\/wp-json\/wp\/v2\/comments?post=17141"}],"version-history":[{"count":2,"href":"https:\/\/ugelchucuito.edu.pe\/portal\/wp-json\/wp\/v2\/posts\/17141\/revisions"}],"predecessor-version":[{"id":17145,"href":"https:\/\/ugelchucuito.edu.pe\/portal\/wp-json\/wp\/v2\/posts\/17141\/revisions\/17145"}],"wp:attachment":[{"href":"https:\/\/ugelchucuito.edu.pe\/portal\/wp-json\/wp\/v2\/media?parent=17141"}],"wp:term":[{"taxonomy":"category","embeddable":true,"href":"https:\/\/ugelchucuito.edu.pe\/portal\/wp-json\/wp\/v2\/categories?post=17141"},{"taxonomy":"post_tag","embeddable":true,"href":"https:\/\/ugelchucuito.edu.pe\/portal\/wp-json\/wp\/v2\/tags?post=17141"}],"curies":[{"name":"wp","href":"https:\/\/api.w.org\/{rel}","templated":true}]}}