{"id":17543,"date":"2022-05-09T14:51:12","date_gmt":"2022-05-09T19:51:12","guid":{"rendered":"http:\/\/ugelchucuito.edu.pe\/portal\/?p=17543"},"modified":"2022-05-09T14:51:49","modified_gmt":"2022-05-09T19:51:49","slug":"fortalecimiento-de-competencias-digitales-en-el-manejo-de-plataformas-y-herramientas-virtuales-en-los-procesos-de-planificacion-mediacion-y-evaluacion-formativa","status":"publish","type":"post","link":"https:\/\/ugelchucuito.edu.pe\/portal\/2022\/05\/09\/fortalecimiento-de-competencias-digitales-en-el-manejo-de-plataformas-y-herramientas-virtuales-en-los-procesos-de-planificacion-mediacion-y-evaluacion-formativa\/","title":{"rendered":"FORTALECIMIENTO DE COMPETENCIAS DIGITALES"},"content":{"rendered":"\n<p>Dirigido a: Docentes del \u00e1rea de ciencias sociales y comunicaci\u00f3n; docente de otras \u00e1reas y p\u00fablico en general de la UGEL CHUCUITO JULI<\/p>\n\n\n\n<p>.<\/p>\n\n\n\n<p><strong><span class=\"has-inline-color has-vivid-red-color\">Oficio de convocatoria:<\/span><\/strong><\/p>\n\n\n\n<div class=\"wp-block-file\"><a href=\"http:\/\/ugelchucuito.edu.pe\/portal\/wp-content\/uploads\/2022\/05\/oficio-edwin.pdf\">Oficio FC digitales<\/a><a href=\"http:\/\/ugelchucuito.edu.pe\/portal\/wp-content\/uploads\/2022\/05\/oficio-edwin.pdf\" class=\"wp-block-file__button\" download>Descarga<\/a><\/div>\n\n\n\n<p>.<\/p>\n\n\n\n<p><strong><span class=\"has-inline-color has-vivid-red-color\">Fechas y hora:<\/span><\/strong><\/p>\n\n\n\n<p><strong>DIAS: 09, 11, 13, 16, 18, 20, 23, 25, 27, 30 de mayo y 01, 03 de junio<\/strong><\/p>\n\n\n\n<p><strong>HORA: 05:00 pm<\/strong><\/p>\n\n\n\n<p><span class=\"has-inline-color has-white-color\">.<\/span><\/p>\n\n\n\n<p><strong><span class=\"has-inline-color has-vivid-red-color\">Enlace zoom:<\/span><\/strong><\/p>\n\n\n\n<p><a href=\"https:\/\/us02web.zoom.us\/j\/83932142987?pwd=bkpRTzlCZGR3M1FwZzRINWxlRnozZz09\">https:\/\/us02web.zoom.us\/j\/83932142987?pwd=bkpRTzlCZGR3M1FwZzRINWxlRnozZz09<\/a><\/p>\n\n\n\n<p><span class=\"has-inline-color has-white-color\">.<\/span><\/p>\n","protected":false},"excerpt":{"rendered":"<p>Dirigido a: Docentes del \u00e1rea de ciencias sociales y comunicaci\u00f3n; docente de otras \u00e1reas y p\u00fablico en general de la UGEL CHUCUITO JULI . Oficio de convocatoria: . Fechas y hora: DIAS: 09, 11, 13, 16, 18, 20, 23, 25, 27, 30 de mayo y 01, 03 de junio HORA: 05:00 pm . Enlace zoom: [&hellip;]<\/p>\n","protected":false},"author":1,"featured_media":0,"comment_status":"open","ping_status":"open","sticky":false,"template":"","format":"standard","meta":{"footnotes":""},"categories":[],"tags":[],"class_list":["post-17543","post","type-post","status-publish","format-standard","hentry"],"_links":{"self":[{"href":"https:\/\/ugelchucuito.edu.pe\/portal\/wp-json\/wp\/v2\/posts\/17543","targetHints":{"allow":["GET"]}}],"collection":[{"href":"https:\/\/ugelchucuito.edu.pe\/portal\/wp-json\/wp\/v2\/posts"}],"about":[{"href":"https:\/\/ugelchucuito.edu.pe\/portal\/wp-json\/wp\/v2\/types\/post"}],"author":[{"embeddable":true,"href":"https:\/\/ugelchucuito.edu.pe\/portal\/wp-json\/wp\/v2\/users\/1"}],"replies":[{"embeddable":true,"href":"https:\/\/ugelchucuito.edu.pe\/portal\/wp-json\/wp\/v2\/comments?post=17543"}],"version-history":[{"count":2,"href":"https:\/\/ugelchucuito.edu.pe\/portal\/wp-json\/wp\/v2\/posts\/17543\/revisions"}],"predecessor-version":[{"id":17547,"href":"https:\/\/ugelchucuito.edu.pe\/portal\/wp-json\/wp\/v2\/posts\/17543\/revisions\/17547"}],"wp:attachment":[{"href":"https:\/\/ugelchucuito.edu.pe\/portal\/wp-json\/wp\/v2\/media?parent=17543"}],"wp:term":[{"taxonomy":"category","embeddable":true,"href":"https:\/\/ugelchucuito.edu.pe\/portal\/wp-json\/wp\/v2\/categories?post=17543"},{"taxonomy":"post_tag","embeddable":true,"href":"https:\/\/ugelchucuito.edu.pe\/portal\/wp-json\/wp\/v2\/tags?post=17543"}],"curies":[{"name":"wp","href":"https:\/\/api.w.org\/{rel}","templated":true}]}}